{"id":141546,"date":"2019-12-18T12:10:49","date_gmt":"2019-12-18T15:10:49","guid":{"rendered":"http:\/\/www.caririemacao.com\/1\/?p=141546"},"modified":"2019-12-18T12:10:49","modified_gmt":"2019-12-18T15:10:49","slug":"ministerio-publico-divulga-edital-para-concurso-publico-com-30-vagas-alem-de-cadastro-reserva","status":"publish","type":"post","link":"https:\/\/www.caririemacao.com\/1\/2019\/12\/18\/ministerio-publico-divulga-edital-para-concurso-publico-com-30-vagas-alem-de-cadastro-reserva\/","title":{"rendered":"Minist\u00e9rio P\u00fablico divulga edital para concurso p\u00fablico com 30 vagas al\u00e9m de cadastro reserva"},"content":{"rendered":"\n<p>O Minist\u00e9rio P\u00fablico do Estado do Cear\u00e1 divulgou o edital para o concurso p\u00fablico com 30 vagas,&nbsp;al\u00e9m de cadastro reserva, nos cargos de T\u00e9cnico Ministerial, com exig\u00eancia de n\u00edvel m\u00e9dio, e de Analista Ministerial, com requisito de n\u00edvel superior.<\/p>\n\n\n\n<p>Os interessados em concorrer a uma das vagas poder\u00e3o se inscrever entre 10 horas do dia 02 de janeiro de 2020 e 18 horas do dia 21 de janeiro de 2020, no\u00a0site oficial\u00a0do\u00a0Centro Brasileiro de Pesquisa em Avalia\u00e7\u00e3o e Sele\u00e7\u00e3o e de Promo\u00e7\u00e3o de Eventos\u00a0(Cebraspe), respons\u00e1vel pelo\u00a0certame.<\/p>\n\n\n\n<p>Os sal\u00e1rios oferecidos chegam a R$ 4.815,59 para o Analista Ministerial e R$2.935,08 para o T\u00e9cnico Ministerial. Al\u00e9m disso, os profissionais contar\u00e3o com aux\u00edlio-alimenta\u00e7\u00e3o no valor de R$ 1.103,83, por jornada de trabalho de 30 horas semanais.<\/p>\n\n\n\n<p>De acordo com o edital, para n\u00edvel m\u00e9dio s\u00e3o 13 vagas para T\u00e9cnico Ministerial, sendo 9 de ampla concorr\u00eancia, uma para candidatos com defici\u00eancia e 3 reservadas para candidatos negros. Para Analista Ministerial, de n\u00edvel superior, s\u00e3o 14 vagas para ampla concorr\u00eancia, uma para deficientes e duas para negros.<\/p>\n\n\n\n<p>A taxa de inscri\u00e7\u00e3o custar\u00e1 R$ 70,00 para n\u00edvel m\u00e9dio e de R$ 100,00 para n\u00edvel superior.<br><\/p>\n\n\n\n<p>As provas devem acontecer no dia 08 de mar\u00e7o de 2020<\/p>\n","protected":false},"excerpt":{"rendered":"<p>O Minist\u00e9rio P\u00fablico do Estado do Cear\u00e1 divulgou o edital para o concurso p\u00fablico com 30 vagas,&nbsp;al\u00e9m de cadastro reserva, nos cargos de T\u00e9cnico Ministerial,&hellip; <\/p>\n","protected":false},"author":1,"featured_media":141547,"comment_status":"closed","ping_status":"closed","sticky":false,"template":"","format":"standard","meta":{"sfsi_plus_gutenberg_text_before_share":"","sfsi_plus_gutenberg_show_text_before_share":"","sfsi_plus_gutenberg_icon_type":"","sfsi_plus_gutenberg_icon_alignemt":"","sfsi_plus_gutenburg_max_per_row":"","footnotes":""},"categories":[2],"tags":[],"class_list":["post-141546","post","type-post","status-publish","format-standard","has-post-thumbnail","hentry","category-geral"],"_links":{"self":[{"href":"https:\/\/www.caririemacao.com\/1\/wp-json\/wp\/v2\/posts\/141546","targetHints":{"allow":["GET"]}}],"collection":[{"href":"https:\/\/www.caririemacao.com\/1\/wp-json\/wp\/v2\/posts"}],"about":[{"href":"https:\/\/www.caririemacao.com\/1\/wp-json\/wp\/v2\/types\/post"}],"author":[{"embeddable":true,"href":"https:\/\/www.caririemacao.com\/1\/wp-json\/wp\/v2\/users\/1"}],"replies":[{"embeddable":true,"href":"https:\/\/www.caririemacao.com\/1\/wp-json\/wp\/v2\/comments?post=141546"}],"version-history":[{"count":1,"href":"https:\/\/www.caririemacao.com\/1\/wp-json\/wp\/v2\/posts\/141546\/revisions"}],"predecessor-version":[{"id":141548,"href":"https:\/\/www.caririemacao.com\/1\/wp-json\/wp\/v2\/posts\/141546\/revisions\/141548"}],"wp:featuredmedia":[{"embeddable":true,"href":"https:\/\/www.caririemacao.com\/1\/wp-json\/wp\/v2\/media\/141547"}],"wp:attachment":[{"href":"https:\/\/www.caririemacao.com\/1\/wp-json\/wp\/v2\/media?parent=141546"}],"wp:term":[{"taxonomy":"category","embeddable":true,"href":"https:\/\/www.caririemacao.com\/1\/wp-json\/wp\/v2\/categories?post=141546"},{"taxonomy":"post_tag","embeddable":true,"href":"https:\/\/www.caririemacao.com\/1\/wp-json\/wp\/v2\/tags?post=141546"}],"curies":[{"name":"wp","href":"https:\/\/api.w.org\/{rel}","templated":true}]}}