{"id":141551,"date":"2019-12-18T12:14:57","date_gmt":"2019-12-18T15:14:57","guid":{"rendered":"http:\/\/www.caririemacao.com\/1\/?p=141551"},"modified":"2019-12-18T12:14:57","modified_gmt":"2019-12-18T15:14:57","slug":"monteiro-beneficiarios-do-bolsa-familia-continuam-recebendo-abono-natalino-municipal","status":"publish","type":"post","link":"https:\/\/www.caririemacao.com\/1\/2019\/12\/18\/monteiro-beneficiarios-do-bolsa-familia-continuam-recebendo-abono-natalino-municipal\/","title":{"rendered":"MONTEIRO: Benefici\u00e1rios do Bolsa Fam\u00edlia continuam recebendo Abono Natalino Municipal"},"content":{"rendered":"\n<p>A Prefeitura de Monteiro continua realizando o pagamento do abono natalino aos benefici\u00e1rios do Bolsa Fam\u00edlia. Nesta ter\u00e7a-feira, 17, j\u00e1 receberam as pessoas com as iniciais com letras de A a F e nesta quarta-feira, as letras de G a L.<\/p>\n\n\n\n<p>O calend\u00e1rio de pagamento ainda continua at\u00e9 a pr\u00f3xima sexta-feira, 20, sendo nesta quinta beneficiadas as pessoas com a letra M e no \u00faltimo dia as letras de N a Z.<\/p>\n\n\n\n<p>O pagamento do Abono Natalino pela Prefeitura de Monteiro vai ao encontro da necessidade de transferir mais recursos \u00e0s fam\u00edlias mais carentes do munic\u00edpio, proporcionando a elas um maior poder de compra. O valor disponibilizado \u00e9 de R$20,00.<\/p>\n\n\n\n<p>O total de recursos pr\u00f3prios aplicados na economia com o pagamento do abono natalino \u00e9 superior R$ 100 mil reais, beneficiando milhares de fam\u00edlias.<\/p>\n\n\n\n<p><strong>QUEM TEM DIREITO?<\/strong><br>Todas as fam\u00edlias benefici\u00e1rias do Bolsa Fam\u00edlia presentes na folha de dezembro de 2019. Isso significa que as fam\u00edlias com benef\u00edcios suspensos ou cancelados em dezembro de 2019 n\u00e3o ter\u00e3o direito ao Abono Natalino.<\/p>\n\n\n\n<p><strong>QUAL \u00c9 O VALOR?<\/strong><br>O Abono Natalino tem o valor de R$ 20,00.<\/p>\n\n\n\n<p><strong>COMO A FAM\u00cdLIA PODE RECEBER?<\/strong><br>O Abono Natalino ser\u00e1 pago no Centro de Gastronomia no bairro do Alto de S\u00e3o Vicente, das 08 \u00e0s 13h. Para tanto \u00e9 necess\u00e1rio levar o Cart\u00e3o Bolsa Fam\u00edlia e documento de identifica\u00e7\u00e3o como NIS ou CPF.<\/p>\n","protected":false},"excerpt":{"rendered":"<p>A Prefeitura de Monteiro continua realizando o pagamento do abono natalino aos benefici\u00e1rios do Bolsa Fam\u00edlia. Nesta ter\u00e7a-feira, 17, j\u00e1 receberam as pessoas com as&hellip; <\/p>\n","protected":false},"author":1,"featured_media":141552,"comment_status":"closed","ping_status":"closed","sticky":false,"template":"","format":"standard","meta":{"sfsi_plus_gutenberg_text_before_share":"","sfsi_plus_gutenberg_show_text_before_share":"","sfsi_plus_gutenberg_icon_type":"","sfsi_plus_gutenberg_icon_alignemt":"","sfsi_plus_gutenburg_max_per_row":"","footnotes":""},"categories":[6],"tags":[],"class_list":["post-141551","post","type-post","status-publish","format-standard","has-post-thumbnail","hentry","category-cidades"],"_links":{"self":[{"href":"https:\/\/www.caririemacao.com\/1\/wp-json\/wp\/v2\/posts\/141551","targetHints":{"allow":["GET"]}}],"collection":[{"href":"https:\/\/www.caririemacao.com\/1\/wp-json\/wp\/v2\/posts"}],"about":[{"href":"https:\/\/www.caririemacao.com\/1\/wp-json\/wp\/v2\/types\/post"}],"author":[{"embeddable":true,"href":"https:\/\/www.caririemacao.com\/1\/wp-json\/wp\/v2\/users\/1"}],"replies":[{"embeddable":true,"href":"https:\/\/www.caririemacao.com\/1\/wp-json\/wp\/v2\/comments?post=141551"}],"version-history":[{"count":1,"href":"https:\/\/www.caririemacao.com\/1\/wp-json\/wp\/v2\/posts\/141551\/revisions"}],"predecessor-version":[{"id":141553,"href":"https:\/\/www.caririemacao.com\/1\/wp-json\/wp\/v2\/posts\/141551\/revisions\/141553"}],"wp:featuredmedia":[{"embeddable":true,"href":"https:\/\/www.caririemacao.com\/1\/wp-json\/wp\/v2\/media\/141552"}],"wp:attachment":[{"href":"https:\/\/www.caririemacao.com\/1\/wp-json\/wp\/v2\/media?parent=141551"}],"wp:term":[{"taxonomy":"category","embeddable":true,"href":"https:\/\/www.caririemacao.com\/1\/wp-json\/wp\/v2\/categories?post=141551"},{"taxonomy":"post_tag","embeddable":true,"href":"https:\/\/www.caririemacao.com\/1\/wp-json\/wp\/v2\/tags?post=141551"}],"curies":[{"name":"wp","href":"https:\/\/api.w.org\/{rel}","templated":true}]}}