{"id":141575,"date":"2019-12-18T16:33:58","date_gmt":"2019-12-18T19:33:58","guid":{"rendered":"http:\/\/www.caririemacao.com\/1\/?p=141575"},"modified":"2019-12-18T16:37:13","modified_gmt":"2019-12-18T19:37:13","slug":"continuam-abertas-as-inscricoes-para-os-cursos-profissionalizantes-do-paraibatecllavee-aula","status":"publish","type":"post","link":"https:\/\/www.caririemacao.com\/1\/2019\/12\/18\/continuam-abertas-as-inscricoes-para-os-cursos-profissionalizantes-do-paraibatecllavee-aula\/","title":{"rendered":"Continuam abertas as inscri\u00e7\u00f5es para os cursos profissionalizantes do Para\u00edbatec"},"content":{"rendered":"\n<p>Est\u00e3o abertas a partir de hoje (18), as inscri\u00e7\u00f5es presenciais para os Cursos de Forma\u00e7\u00e3o Inicial Continuada (FIC) do Paraibatec, do Governo do Estado da Para\u00edba. S\u00e3o vagas dispon\u00edveis nas \u00e1reas de: Cuidador de Idoso, Microempreendedor Individual (MEI), Gar\u00e7om, Organizador de Eventos, Agentes de Informa\u00e7\u00f5es Tur\u00edstica e Ingl\u00eas B\u00e1sico.<\/p>\n\n\n\n<p>Para a realiza\u00e7\u00e3o da inscri\u00e7\u00e3o, o participante deve ter idade m\u00ednima de 16 anos e Ensino Fundamental Completo. A documenta\u00e7\u00e3o necess\u00e1ria: RG; CPF; comprovante de resid\u00eancia, NIT OU NIS, Diploma de Conclus\u00e3o do Ensino Fundamental Completo. Para o candidato menor de 18 anos, \u00e9 obrigat\u00f3ria a documenta\u00e7\u00e3o dos pais ou respons\u00e1veis.<\/p>\n\n\n\n<p>Os interessados em realizar os cursos do Fic devem comparecer \u00e0 Escola Ensino Integral Professor Jos\u00e9 Gon\u00e7alves de Queiroz, no hor\u00e1rio das 19h \u00e0s 22h.<\/p>\n","protected":false},"excerpt":{"rendered":"<p>Est\u00e3o abertas a partir de hoje (18), as inscri\u00e7\u00f5es presenciais para os Cursos de Forma\u00e7\u00e3o Inicial Continuada (FIC) do Paraibatec, do Governo do Estado da&hellip; <\/p>\n","protected":false},"author":1,"featured_media":110393,"comment_status":"closed","ping_status":"closed","sticky":false,"template":"","format":"standard","meta":{"sfsi_plus_gutenberg_text_before_share":"","sfsi_plus_gutenberg_show_text_before_share":"","sfsi_plus_gutenberg_icon_type":"","sfsi_plus_gutenberg_icon_alignemt":"","sfsi_plus_gutenburg_max_per_row":"","footnotes":""},"categories":[50,14],"tags":[],"class_list":["post-141575","post","type-post","status-publish","format-standard","has-post-thumbnail","hentry","category-destaque","category-educacao"],"_links":{"self":[{"href":"https:\/\/www.caririemacao.com\/1\/wp-json\/wp\/v2\/posts\/141575","targetHints":{"allow":["GET"]}}],"collection":[{"href":"https:\/\/www.caririemacao.com\/1\/wp-json\/wp\/v2\/posts"}],"about":[{"href":"https:\/\/www.caririemacao.com\/1\/wp-json\/wp\/v2\/types\/post"}],"author":[{"embeddable":true,"href":"https:\/\/www.caririemacao.com\/1\/wp-json\/wp\/v2\/users\/1"}],"replies":[{"embeddable":true,"href":"https:\/\/www.caririemacao.com\/1\/wp-json\/wp\/v2\/comments?post=141575"}],"version-history":[{"count":2,"href":"https:\/\/www.caririemacao.com\/1\/wp-json\/wp\/v2\/posts\/141575\/revisions"}],"predecessor-version":[{"id":141584,"href":"https:\/\/www.caririemacao.com\/1\/wp-json\/wp\/v2\/posts\/141575\/revisions\/141584"}],"wp:featuredmedia":[{"embeddable":true,"href":"https:\/\/www.caririemacao.com\/1\/wp-json\/wp\/v2\/media\/110393"}],"wp:attachment":[{"href":"https:\/\/www.caririemacao.com\/1\/wp-json\/wp\/v2\/media?parent=141575"}],"wp:term":[{"taxonomy":"category","embeddable":true,"href":"https:\/\/www.caririemacao.com\/1\/wp-json\/wp\/v2\/categories?post=141575"},{"taxonomy":"post_tag","embeddable":true,"href":"https:\/\/www.caririemacao.com\/1\/wp-json\/wp\/v2\/tags?post=141575"}],"curies":[{"name":"wp","href":"https:\/\/api.w.org\/{rel}","templated":true}]}}