{"id":141579,"date":"2019-12-18T16:35:17","date_gmt":"2019-12-18T19:35:17","guid":{"rendered":"http:\/\/www.caririemacao.com\/1\/?p=141579"},"modified":"2019-12-18T16:35:17","modified_gmt":"2019-12-18T19:35:17","slug":"monteiro-programa-mais-sorrisos-no-campo-chega-as-comunidades-de-picos-e-limitao","status":"publish","type":"post","link":"https:\/\/www.caririemacao.com\/1\/2019\/12\/18\/monteiro-programa-mais-sorrisos-no-campo-chega-as-comunidades-de-picos-e-limitao\/","title":{"rendered":"MONTEIRO: Programa \u201cMais Sorrisos no Campo\u201d chega \u00e0s comunidades de Picos e Limit\u00e3o"},"content":{"rendered":"\n<p>O Programa \u201cMais Sorrisos no Campo\u201d, considerado o maior programa de Sa\u00fade Bucal, j\u00e1 realizado na hist\u00f3ria da zona rural do Munic\u00edpio de Monteiro, desembarcou na \u00faltima segunda-feira (16) na comunidade rural dos S\u00edtios Picos e Limit\u00e3o, onde foram atendidas crian\u00e7as, jovens, adultos e idosos.<\/p>\n\n\n\n<p>H\u00e9lia Cristina, Presidente da Associa\u00e7\u00e3o das comunidades rurais de Picos e Limit\u00e3o, agradeceu \u00e0 prefeita Anna Lorena pela execu\u00e7\u00e3o do programa e ao coordenador do programa de sa\u00fade bucal, Dr. Jo\u00e3o Pereira, ressaltando n\u00e3o s\u00f3 o lado humano, quanto o profissionalismo.<\/p>\n\n\n\n<div class=\"wp-block-image\"><figure class=\"alignleft\"><img decoding=\"async\" data-src=\"https:\/\/i0.wp.com\/www.vitrinedocariri.com.br\/wp-content\/uploads\/2019\/12\/MONTEIRO-Programa-Mais-Sorrisos-no-Campo-chega-%C3%A0s-comunidades-de-Picos-e-Limit%C3%A3o-1.jpeg?zoom=2&amp;resize=330%2C220&amp;ssl=1\" alt=\"\" class=\"wp-image-60055 lazyload\" src=\"data:image\/svg+xml;base64,PHN2ZyB3aWR0aD0iMSIgaGVpZ2h0PSIxIiB4bWxucz0iaHR0cDovL3d3dy53My5vcmcvMjAwMC9zdmciPjwvc3ZnPg==\" \/><\/figure><\/div>\n\n\n\n<p>H\u00e9lia disse que \u201cA comunidade \u00e9 grata \u00e0 prefeita Anna Lorena e ao Dr. Jo\u00e3o Pereira, tanto quanto ao lado humano, quanto ao lado profissional. A pessoa do Dr. Jo\u00e3o Pereira veio para somar. N\u00f3s da zona rural somos muito gratos a prefeita Anna Lorena e todos aqueles que t\u00eam de fato contribu\u00eddo com a execu\u00e7\u00e3o das politicas p\u00fablicas em nosso munic\u00edpio. Ao Dr. Jo\u00e3o Pereira, eu s\u00f3 tenho a agradecer pelos servi\u00e7os que tem prestado ao nosso povo, com muita dedica\u00e7\u00e3o e carinho, a todos que lhe procura. S\u00f3 me resta pedir a Deus que continue dando sabedoria \u00e0 Prefeita Anna Lorena &nbsp;para continuar lutando sempre, pelo melhor para nosso povo.\u201dConcluiu.<\/p>\n\n\n\n<p>Os atendimentos foram realizados durante a manh\u00e3 e tarde, devido aos servi\u00e7os contarem com \u201cdemanda livre\u201d, ou seja, quando n\u00e3o h\u00e1 um n\u00famero limite de atendimentos ou servi\u00e7os a serem ofertados aos pacientes.<\/p>\n\n\n\n<p>O programa \u201cMais Sorrisos no Campo\u201d oferece servi\u00e7os odontol\u00f3gicos para as popula\u00e7\u00f5es de locais que apresentam maior dificuldade de acesso aos servi\u00e7os de sa\u00fade, localizados predominantemente nas \u00e1reas rurais, com a mesma qualidade dos servi\u00e7os oferecidos na zona urbana.<\/p>\n\n\n\n<div class=\"wp-block-image\"><figure class=\"alignleft\"><img decoding=\"async\" data-src=\"https:\/\/i0.wp.com\/www.vitrinedocariri.com.br\/wp-content\/uploads\/2019\/12\/MONTEIRO-Programa-Mais-Sorrisos-no-Campo-chega-%C3%A0s-comunidades-de-Picos-e-Limit%C3%A3o-2.jpeg?zoom=2&amp;resize=330%2C220&amp;ssl=1\" alt=\"\" class=\"wp-image-60056 lazyload\" src=\"data:image\/svg+xml;base64,PHN2ZyB3aWR0aD0iMSIgaGVpZ2h0PSIxIiB4bWxucz0iaHR0cDovL3d3dy53My5vcmcvMjAwMC9zdmciPjwvc3ZnPg==\" \/><\/figure><\/div>\n\n\n\n<p><strong>Como participar do programa<\/strong><\/p>\n\n\n\n<p>No final de cada m\u00eas \u00e9 divulgada previamente a lista das comunidades rurais que ser\u00e3o atendidas no m\u00eas seguinte. A Rela\u00e7\u00e3o dos pacientes que ser\u00e3o atendidos em data pr\u00e9-agendada, fica a cargo dos presidentes das Associa\u00e7\u00f5es Rurais, que encaminham a demanda com a lista de todos os pacientes, diretamente para o coordenador do programa \u201cMais Sorrisos no Campo\u201d.<\/p>\n","protected":false},"excerpt":{"rendered":"<p>O Programa \u201cMais Sorrisos no Campo\u201d, considerado o maior programa de Sa\u00fade Bucal, j\u00e1 realizado na hist\u00f3ria da zona rural do Munic\u00edpio de Monteiro, desembarcou&hellip; <\/p>\n","protected":false},"author":1,"featured_media":141580,"comment_status":"closed","ping_status":"closed","sticky":false,"template":"","format":"standard","meta":{"sfsi_plus_gutenberg_text_before_share":"","sfsi_plus_gutenberg_show_text_before_share":"","sfsi_plus_gutenberg_icon_type":"","sfsi_plus_gutenberg_icon_alignemt":"","sfsi_plus_gutenburg_max_per_row":"","footnotes":""},"categories":[2],"tags":[],"class_list":["post-141579","post","type-post","status-publish","format-standard","has-post-thumbnail","hentry","category-geral"],"_links":{"self":[{"href":"https:\/\/www.caririemacao.com\/1\/wp-json\/wp\/v2\/posts\/141579","targetHints":{"allow":["GET"]}}],"collection":[{"href":"https:\/\/www.caririemacao.com\/1\/wp-json\/wp\/v2\/posts"}],"about":[{"href":"https:\/\/www.caririemacao.com\/1\/wp-json\/wp\/v2\/types\/post"}],"author":[{"embeddable":true,"href":"https:\/\/www.caririemacao.com\/1\/wp-json\/wp\/v2\/users\/1"}],"replies":[{"embeddable":true,"href":"https:\/\/www.caririemacao.com\/1\/wp-json\/wp\/v2\/comments?post=141579"}],"version-history":[{"count":1,"href":"https:\/\/www.caririemacao.com\/1\/wp-json\/wp\/v2\/posts\/141579\/revisions"}],"predecessor-version":[{"id":141581,"href":"https:\/\/www.caririemacao.com\/1\/wp-json\/wp\/v2\/posts\/141579\/revisions\/141581"}],"wp:featuredmedia":[{"embeddable":true,"href":"https:\/\/www.caririemacao.com\/1\/wp-json\/wp\/v2\/media\/141580"}],"wp:attachment":[{"href":"https:\/\/www.caririemacao.com\/1\/wp-json\/wp\/v2\/media?parent=141579"}],"wp:term":[{"taxonomy":"category","embeddable":true,"href":"https:\/\/www.caririemacao.com\/1\/wp-json\/wp\/v2\/categories?post=141579"},{"taxonomy":"post_tag","embeddable":true,"href":"https:\/\/www.caririemacao.com\/1\/wp-json\/wp\/v2\/tags?post=141579"}],"curies":[{"name":"wp","href":"https:\/\/api.w.org\/{rel}","templated":true}]}}