{"id":141592,"date":"2019-12-18T16:43:12","date_gmt":"2019-12-18T19:43:12","guid":{"rendered":"http:\/\/www.caririemacao.com\/1\/?p=141592"},"modified":"2019-12-18T16:43:12","modified_gmt":"2019-12-18T19:43:12","slug":"resultado-do-enem-2019-sera-divulgado-no-dia-17-de-janeiro","status":"publish","type":"post","link":"https:\/\/www.caririemacao.com\/1\/2019\/12\/18\/resultado-do-enem-2019-sera-divulgado-no-dia-17-de-janeiro\/","title":{"rendered":"Resultado do Enem 2019 ser\u00e1 divulgado no dia 17 de janeiro"},"content":{"rendered":"\n<p>O Minist\u00e9rio da Educa\u00e7\u00e3o vai divulgar no dia 17 de janeiro de 2020 os resultados do Enem 2019. Os candidatos poder\u00e3o conferir as notas individuais na P\u00e1gina do Participante &#8211; no portal ou no aplicativo do Enem &#8211; ap\u00f3s fazer login com CPF e senha.<\/p>\n\n\n\n<p>O Enem 2019 foi aplicado nos dias 3 e 10 de novembro. Ao todo, 3,9 milh\u00f5es de estudantes compareceram a pelo menos um dia de prova. Quem fez o Enem como treineiro (n\u00e3o ir\u00e1 concluir o ensino m\u00e9dio em 2019) poder\u00e1 ter acesso ao boletim individual em mar\u00e7o de 2020.<\/p>\n\n\n\n<p>Os gabaritos oficiais do exame foram divulgados pelo Instituto Nacional de Estudos e Pesquisas Educacionais An\u00edsio Teixeira (Inep), vinculado ao MEC, no dia 13 de novembro.<\/p>\n\n\n\n<p><strong>ENEM DIGITAL<\/strong><\/p>\n\n\n\n<p>Para 2020, o MEC destaca como novidade o Enem Digital. Neste primeiro ano, a aplica\u00e7\u00e3o ocorrer\u00e1 em modelo-piloto. A implanta\u00e7\u00e3o ser\u00e1 progressiva. A previs\u00e3o \u00e9 que o exame seja 100% digital a partir de 2026. Segundo o minist\u00e9rio, as primeiras aplica\u00e7\u00f5es ser\u00e3o opcionais. Ao fazer a inscri\u00e7\u00e3o, o candidato poder\u00e1 optar pela aplica\u00e7\u00e3o-piloto ou pela tradicional prova em papel. O modelo digital ser\u00e1 aplicado para 50 mil participantes em 15 capitais brasileiras.<\/p>\n","protected":false},"excerpt":{"rendered":"<p>O Minist\u00e9rio da Educa\u00e7\u00e3o vai divulgar no dia 17 de janeiro de 2020 os resultados do Enem 2019. Os candidatos poder\u00e3o conferir as notas individuais&hellip; <\/p>\n","protected":false},"author":1,"featured_media":131792,"comment_status":"closed","ping_status":"closed","sticky":false,"template":"","format":"standard","meta":{"sfsi_plus_gutenberg_text_before_share":"","sfsi_plus_gutenberg_show_text_before_share":"","sfsi_plus_gutenberg_icon_type":"","sfsi_plus_gutenberg_icon_alignemt":"","sfsi_plus_gutenburg_max_per_row":"","footnotes":""},"categories":[14],"tags":[],"class_list":["post-141592","post","type-post","status-publish","format-standard","has-post-thumbnail","hentry","category-educacao"],"_links":{"self":[{"href":"https:\/\/www.caririemacao.com\/1\/wp-json\/wp\/v2\/posts\/141592","targetHints":{"allow":["GET"]}}],"collection":[{"href":"https:\/\/www.caririemacao.com\/1\/wp-json\/wp\/v2\/posts"}],"about":[{"href":"https:\/\/www.caririemacao.com\/1\/wp-json\/wp\/v2\/types\/post"}],"author":[{"embeddable":true,"href":"https:\/\/www.caririemacao.com\/1\/wp-json\/wp\/v2\/users\/1"}],"replies":[{"embeddable":true,"href":"https:\/\/www.caririemacao.com\/1\/wp-json\/wp\/v2\/comments?post=141592"}],"version-history":[{"count":1,"href":"https:\/\/www.caririemacao.com\/1\/wp-json\/wp\/v2\/posts\/141592\/revisions"}],"predecessor-version":[{"id":141593,"href":"https:\/\/www.caririemacao.com\/1\/wp-json\/wp\/v2\/posts\/141592\/revisions\/141593"}],"wp:featuredmedia":[{"embeddable":true,"href":"https:\/\/www.caririemacao.com\/1\/wp-json\/wp\/v2\/media\/131792"}],"wp:attachment":[{"href":"https:\/\/www.caririemacao.com\/1\/wp-json\/wp\/v2\/media?parent=141592"}],"wp:term":[{"taxonomy":"category","embeddable":true,"href":"https:\/\/www.caririemacao.com\/1\/wp-json\/wp\/v2\/categories?post=141592"},{"taxonomy":"post_tag","embeddable":true,"href":"https:\/\/www.caririemacao.com\/1\/wp-json\/wp\/v2\/tags?post=141592"}],"curies":[{"name":"wp","href":"https:\/\/api.w.org\/{rel}","templated":true}]}}