{"id":141597,"date":"2019-12-19T00:17:08","date_gmt":"2019-12-19T03:17:08","guid":{"rendered":"http:\/\/www.caririemacao.com\/1\/?p=141597"},"modified":"2019-12-19T00:17:08","modified_gmt":"2019-12-19T03:17:08","slug":"apos-insistencia-secretario-de-educacao-recebe-sintep-pb","status":"publish","type":"post","link":"https:\/\/www.caririemacao.com\/1\/2019\/12\/19\/apos-insistencia-secretario-de-educacao-recebe-sintep-pb\/","title":{"rendered":"Ap\u00f3s insist\u00eancia, secret\u00e1rio de educa\u00e7\u00e3o recebe Sintep-PB"},"content":{"rendered":"\n<p>Uma representa\u00e7\u00e3o de diretores do SINTEP-PB se dirigiu, nesta quarta-feira (18\/12), \u00e0 Secretaria de Educa\u00e7\u00e3o do Estado para cobrar do secret\u00e1rio Cl\u00e1udio Furtado respostas \u00e0s reivindica\u00e7\u00f5es apresentadas pela entidade em audi\u00eancia no dia 11 de novembro. Na ocasi\u00e3o, o secret\u00e1rio se comprometeu a receber novamente o sindicato no dia 02 de dezembro. Este novo encontro, no entanto, foi cancelado unilateralmente pela Secretaria.<\/p>\n\n\n\n<p>O coordenador-geral do SINTEP-PB, Antonio Arruda, iniciou a reuni\u00e3o reafirmando que Jo\u00e3o Azevedo j\u00e1 entrou para a Hist\u00f3ria como o \u00fanico governador a n\u00e3o receber o sindicato durante um ano inteiro, apesar de v\u00e1rios pedidos de audi\u00eancia desde o dia 02 de janeiro e das tentativas de media\u00e7\u00e3o com secret\u00e1rios de Governo e parlamentares.<\/p>\n\n\n\n<p>\u201cA situa\u00e7\u00e3o na Educa\u00e7\u00e3o \u00e9 gritante! Todos os dias, escutamos dos colegas a pergunta \u2018o que vai ser de mim no ano que vem?\u2019. \u00c9 desumano! Reiteramos o pedido de que os professores efetivos que possuem dois v\u00ednculos sejam mantidos nos seus munic\u00edpios atuais, e mesmo nas escolas integrais, com a jornada de 30 horas\u201d, apontou Arruda.<\/p>\n\n\n\n<p>Complementando, o professor Edvaldo Faustino citou novamente casos urgentes como os dos professores das cidades de Barra de Santa Rosa, Rem\u00edgio, Catol\u00e9 do Rocha, Pombal, entre outras, que seriam obrigados a se deslocar por cerca de 100 km diariamente para dar aulas em outros munic\u00edpios.<\/p>\n\n\n\n<p>O secret\u00e1rio, ent\u00e3o, firmou compromisso para dar uma solu\u00e7\u00e3o a estes casos e sugeriu a data do dia 27 de dezembro, \u00e0s 10h00, para dar um retorno final sobre este ponto das reivindica\u00e7\u00f5es.<\/p>\n\n\n\n<p>Sobre o PCCR, permanece a justificativa, por parte do secret\u00e1rio, de que a Secretaria de Administra\u00e7\u00e3o ainda n\u00e3o finalizou o estudo de impacto or\u00e7ament\u00e1rio na folha de pagamento para enviar \u00e0 Assembleia Legislativa a proposta de revis\u00e3o do Plano.<\/p>\n","protected":false},"excerpt":{"rendered":"<p>Uma representa\u00e7\u00e3o de diretores do SINTEP-PB se dirigiu, nesta quarta-feira (18\/12), \u00e0 Secretaria de Educa\u00e7\u00e3o do Estado para cobrar do secret\u00e1rio Cl\u00e1udio Furtado respostas \u00e0s&hellip; <\/p>\n","protected":false},"author":2,"featured_media":141598,"comment_status":"closed","ping_status":"closed","sticky":false,"template":"","format":"standard","meta":{"sfsi_plus_gutenberg_text_before_share":"","sfsi_plus_gutenberg_show_text_before_share":"","sfsi_plus_gutenberg_icon_type":"","sfsi_plus_gutenberg_icon_alignemt":"","sfsi_plus_gutenburg_max_per_row":"","footnotes":""},"categories":[50,14],"tags":[],"class_list":["post-141597","post","type-post","status-publish","format-standard","has-post-thumbnail","hentry","category-destaque","category-educacao"],"_links":{"self":[{"href":"https:\/\/www.caririemacao.com\/1\/wp-json\/wp\/v2\/posts\/141597","targetHints":{"allow":["GET"]}}],"collection":[{"href":"https:\/\/www.caririemacao.com\/1\/wp-json\/wp\/v2\/posts"}],"about":[{"href":"https:\/\/www.caririemacao.com\/1\/wp-json\/wp\/v2\/types\/post"}],"author":[{"embeddable":true,"href":"https:\/\/www.caririemacao.com\/1\/wp-json\/wp\/v2\/users\/2"}],"replies":[{"embeddable":true,"href":"https:\/\/www.caririemacao.com\/1\/wp-json\/wp\/v2\/comments?post=141597"}],"version-history":[{"count":1,"href":"https:\/\/www.caririemacao.com\/1\/wp-json\/wp\/v2\/posts\/141597\/revisions"}],"predecessor-version":[{"id":141599,"href":"https:\/\/www.caririemacao.com\/1\/wp-json\/wp\/v2\/posts\/141597\/revisions\/141599"}],"wp:featuredmedia":[{"embeddable":true,"href":"https:\/\/www.caririemacao.com\/1\/wp-json\/wp\/v2\/media\/141598"}],"wp:attachment":[{"href":"https:\/\/www.caririemacao.com\/1\/wp-json\/wp\/v2\/media?parent=141597"}],"wp:term":[{"taxonomy":"category","embeddable":true,"href":"https:\/\/www.caririemacao.com\/1\/wp-json\/wp\/v2\/categories?post=141597"},{"taxonomy":"post_tag","embeddable":true,"href":"https:\/\/www.caririemacao.com\/1\/wp-json\/wp\/v2\/tags?post=141597"}],"curies":[{"name":"wp","href":"https:\/\/api.w.org\/{rel}","templated":true}]}}