{"id":141600,"date":"2019-12-19T06:07:15","date_gmt":"2019-12-19T09:07:15","guid":{"rendered":"http:\/\/www.caririemacao.com\/1\/?p=141600"},"modified":"2019-12-19T06:07:15","modified_gmt":"2019-12-19T09:07:15","slug":"sikera-jr-tera-programa-nacional-a-partir-de-janeiro-de-2020-na-redetv","status":"publish","type":"post","link":"https:\/\/www.caririemacao.com\/1\/2019\/12\/19\/sikera-jr-tera-programa-nacional-a-partir-de-janeiro-de-2020-na-redetv\/","title":{"rendered":"Sikera Jr ter\u00e1 programa nacional a partir de janeiro de 2020 na RedeTV!"},"content":{"rendered":"\n<p>A RedeTV! confirmou no in\u00edcio da tarde desta quarta-feira (18) que o apresentador Sikera Jr, sucesso na internet e l\u00edder de audi\u00eancia em Manaus, ter\u00e1 um programa em rede nacional a partir de janeiro de 2020. A atra\u00e7\u00e3o ir\u00e1 ao ar no fim de tarde, das 18h \u00e0s 19h30. O nome da atra\u00e7\u00e3o n\u00e3o foi definido.<\/p>\n\n\n\n<figure><iframe width=\"500\" height=\"281\" data-src=\"https:\/\/www.youtube.com\/embed\/ltuGIX-aBvo\" allowfullscreen=\"\" src=\"data:image\/svg+xml;base64,PHN2ZyB3aWR0aD0iMSIgaGVpZ2h0PSIxIiB4bWxucz0iaHR0cDovL3d3dy53My5vcmcvMjAwMC9zdmciPjwvc3ZnPg==\" class=\"lazyload\" data-load-mode=\"1\"><\/iframe><\/figure>\n\n\n\n<p>A inten\u00e7\u00e3o era que Sikera Jr apresentasse o programa nacional sem deixar Manaus, onde faz um programa l\u00edder de Ibope na TV A Cr\u00edtica, ex-afiliada da Record TV. A gera\u00e7\u00e3o da atra\u00e7\u00e3o ser\u00e1 feita a partir da capital do Amazonas, sem prejudicar o seu atual esquema.<\/p>\n\n\n\n<p>A RedeTV! exaltou tal acordo, no que chamou de \u201cnovo modelo de neg\u00f3cio\u201d. Al\u00e9m do Alerta Amazonas, a RedeTV! tamb\u00e9m est\u00e1 interessado em transmitir o reality A Bordo, programa local que tamb\u00e9m faz sucesso na programa\u00e7\u00e3o da emissora local do Norte.<\/p>\n\n\n\n<p>\u201cO acordo imprime um novo modelo de neg\u00f3cio no mercado de televis\u00e3o aberta ao propagar nacionalmente o projeto de uma emissora local. O trabalho conjunto das empresas ampliar\u00e1 ao p\u00fablico brasileiro a entrega de uma cobertura jornal\u00edstica \u00fanica, marcada pela autenticidade de Sik\u00eara J\u00fanior, um dos grandes destaques do jornalismo no cen\u00e1rio nacional\u201d, diz o comunicado da RedeTV!.<\/p>\n\n\n\n<p>Sikera Jr se tornou meme na internet em 2016, quando um v\u00eddeo praguejando a morte de maconheiros viralizou na web. J\u00e1 passou por emissoras de Alagoas e Para\u00edba, e tem mais de 1 milh\u00e3o de seguidores no Instagram.<\/p>\n\n\n\n<p>No Amazonas, Sikera vence a novela Bom Sucesso e o Jornal Nacional com frequ\u00eancia. Por causa da estreia do novo programa, o programa de fofocas Tricotando mudara de hor\u00e1rio na RedeTV!<\/p>\n","protected":false},"excerpt":{"rendered":"<p>A RedeTV! confirmou no in\u00edcio da tarde desta quarta-feira (18) que o apresentador Sikera Jr, sucesso na internet e l\u00edder de audi\u00eancia em Manaus, ter\u00e1&hellip; <\/p>\n","protected":false},"author":1,"featured_media":141602,"comment_status":"closed","ping_status":"closed","sticky":false,"template":"","format":"standard","meta":{"sfsi_plus_gutenberg_text_before_share":"","sfsi_plus_gutenberg_show_text_before_share":"","sfsi_plus_gutenberg_icon_type":"","sfsi_plus_gutenberg_icon_alignemt":"","sfsi_plus_gutenburg_max_per_row":"","footnotes":""},"categories":[2],"tags":[],"class_list":["post-141600","post","type-post","status-publish","format-standard","has-post-thumbnail","hentry","category-geral"],"_links":{"self":[{"href":"https:\/\/www.caririemacao.com\/1\/wp-json\/wp\/v2\/posts\/141600","targetHints":{"allow":["GET"]}}],"collection":[{"href":"https:\/\/www.caririemacao.com\/1\/wp-json\/wp\/v2\/posts"}],"about":[{"href":"https:\/\/www.caririemacao.com\/1\/wp-json\/wp\/v2\/types\/post"}],"author":[{"embeddable":true,"href":"https:\/\/www.caririemacao.com\/1\/wp-json\/wp\/v2\/users\/1"}],"replies":[{"embeddable":true,"href":"https:\/\/www.caririemacao.com\/1\/wp-json\/wp\/v2\/comments?post=141600"}],"version-history":[{"count":1,"href":"https:\/\/www.caririemacao.com\/1\/wp-json\/wp\/v2\/posts\/141600\/revisions"}],"predecessor-version":[{"id":141603,"href":"https:\/\/www.caririemacao.com\/1\/wp-json\/wp\/v2\/posts\/141600\/revisions\/141603"}],"wp:featuredmedia":[{"embeddable":true,"href":"https:\/\/www.caririemacao.com\/1\/wp-json\/wp\/v2\/media\/141602"}],"wp:attachment":[{"href":"https:\/\/www.caririemacao.com\/1\/wp-json\/wp\/v2\/media?parent=141600"}],"wp:term":[{"taxonomy":"category","embeddable":true,"href":"https:\/\/www.caririemacao.com\/1\/wp-json\/wp\/v2\/categories?post=141600"},{"taxonomy":"post_tag","embeddable":true,"href":"https:\/\/www.caririemacao.com\/1\/wp-json\/wp\/v2\/tags?post=141600"}],"curies":[{"name":"wp","href":"https:\/\/api.w.org\/{rel}","templated":true}]}}