{"id":141612,"date":"2019-12-19T06:14:54","date_gmt":"2019-12-19T09:14:54","guid":{"rendered":"http:\/\/www.caririemacao.com\/1\/?p=141612"},"modified":"2019-12-19T06:14:54","modified_gmt":"2019-12-19T09:14:54","slug":"guedes-alta-da-inflacao-fara-salario-minimo-ficar-acima-de-r-1-031","status":"publish","type":"post","link":"https:\/\/www.caririemacao.com\/1\/2019\/12\/19\/guedes-alta-da-inflacao-fara-salario-minimo-ficar-acima-de-r-1-031\/","title":{"rendered":"Guedes: alta da infla\u00e7\u00e3o far\u00e1 sal\u00e1rio m\u00ednimo ficar acima de R$ 1.031"},"content":{"rendered":"\n<p>O valor do sal\u00e1rio m\u00ednimo para 2020, a ser anunciado at\u00e9 31 de dezembro, ficar\u00e1 acima dos R$ 1.031&nbsp;<a href=\"http:\/\/agenciabrasil.ebc.com.br\/politica\/noticia\/2019-12\/congresso-nacional-aprova-texto-base-do-orcamento-para-2020\" target=\"_blank\" rel=\"noreferrer noopener\">aprovados no Or\u00e7amento Geral da Uni\u00e3o<\/a>, disse h\u00e1 pouco o ministro da Economia, Paulo Guedes. Em entrevista coletiva para fazer um balan\u00e7o de fim de ano, ele disse que o valor final depender\u00e1 do \u00cdndice Nacional de Pre\u00e7os ao Consumidor (INPC), que mede a infla\u00e7\u00e3o para as fam\u00edlias de menor renda. No entanto, o recente repique da infla\u00e7\u00e3o deve elevar o m\u00ednimo para um sal\u00e1rio maior que o previsto.<\/p>\n\n\n\n<p>\u201cN\u00f3s temos de anunciar [o sal\u00e1rio m\u00ednimo] para o ano seguinte, e a cl\u00e1usula constitucional \u00e9 garantir a infla\u00e7\u00e3o. Foi [anunciado o valor de] R$ 1.031, mas a gente sabe que, como INPC repicou, vai ser de R$ 1.038\u201d, disse o ministro. Mais tarde, no entanto, Guedes afirmou que o valor pode ser maior, dependendo da infla\u00e7\u00e3o.<\/p>\n\n\n\n<p>O ministro ressaltou que a Constitui\u00e7\u00e3o determina a manuten\u00e7\u00e3o do poder de compra dos trabalhadores, sem ganho acima da infla\u00e7\u00e3o. Pela legisla\u00e7\u00e3o, o presidente Jair Bolsonaro tem at\u00e9 31 de dezembro para editar o decreto com o valor do sal\u00e1rio m\u00ednimo para 2020.<\/p>\n\n\n\n<p>Por causa da alta do d\u00f3lar nos \u00faltimos meses e da disparada do valor da carne, a&nbsp;<a href=\"http:\/\/agenciabrasil.ebc.com.br\/economia\/noticia\/2019-12\/alta-do-preco-das-carnes-puxa-inflacao-em-novembro-no-pais-diz-ibge\" target=\"_blank\" rel=\"noreferrer noopener\">infla\u00e7\u00e3o teve uma alta&nbsp;<\/a>nos \u00faltimos meses do ano. Em novembro, o INPC fechou em 0,54%, a maior infla\u00e7\u00e3o para o m\u00eas desde 2015.<\/p>\n\n\n\n<p>O secret\u00e1rio especial de Fazenda do Minist\u00e9rio da Economia, Waldery Rodrigues, esclareceu que, para 2020, cada R$ 1 a mais no sal\u00e1rio m\u00ednimo impacta os gastos da Uni\u00e3o em cerca de R$ 320 milh\u00f5es. Cada 1% de reajuste eleva as despesas federais em R$ 4,5 bilh\u00f5es, por causa principalmente de gastos atrelados ao m\u00ednimo, como 81% dos benef\u00edcios da Previd\u00eancia Social e o Benef\u00edcio de Presta\u00e7\u00e3o Continuada (BPC).<\/p>\n\n\n\n<h2 class=\"wp-block-heading\">Pol\u00edtica de reajuste<\/h2>\n\n\n\n<p>O ministro confirmou que o valor do sal\u00e1rio m\u00ednimo ser\u00e1 definido anualmente, sem a pol\u00edtica de reajuste dos \u00faltimos anos. De 2015 a 2019, estava em vigor uma lei que fixava o reajuste do m\u00ednimo pelo INPC do ano anterior mais o crescimento do Produto Interno Bruto (PIB) de dois anos antes.<\/p>\n\n\n\n<p>Apesar de descartar uma nova pol\u00edtica de reajuste o m\u00ednimo, Guedes n\u00e3o afastou a possibilidade de que o m\u00ednimo volte a subir mais que a infla\u00e7\u00e3o nos pr\u00f3ximos anos. Ele, no entanto, informou que isso depender\u00e1 dos recursos dispon\u00edveis no Or\u00e7amento, cada vez mais comprimido pelo teto de gastos e por despesas impositivas.<\/p>\n","protected":false},"excerpt":{"rendered":"<p>O valor do sal\u00e1rio m\u00ednimo para 2020, a ser anunciado at\u00e9 31 de dezembro, ficar\u00e1 acima dos R$ 1.031&nbsp;aprovados no Or\u00e7amento Geral da Uni\u00e3o, disse&hellip; <\/p>\n","protected":false},"author":1,"featured_media":109971,"comment_status":"closed","ping_status":"closed","sticky":false,"template":"","format":"standard","meta":{"sfsi_plus_gutenberg_text_before_share":"","sfsi_plus_gutenberg_show_text_before_share":"","sfsi_plus_gutenberg_icon_type":"","sfsi_plus_gutenberg_icon_alignemt":"","sfsi_plus_gutenburg_max_per_row":"","footnotes":""},"categories":[2],"tags":[],"class_list":["post-141612","post","type-post","status-publish","format-standard","has-post-thumbnail","hentry","category-geral"],"_links":{"self":[{"href":"https:\/\/www.caririemacao.com\/1\/wp-json\/wp\/v2\/posts\/141612","targetHints":{"allow":["GET"]}}],"collection":[{"href":"https:\/\/www.caririemacao.com\/1\/wp-json\/wp\/v2\/posts"}],"about":[{"href":"https:\/\/www.caririemacao.com\/1\/wp-json\/wp\/v2\/types\/post"}],"author":[{"embeddable":true,"href":"https:\/\/www.caririemacao.com\/1\/wp-json\/wp\/v2\/users\/1"}],"replies":[{"embeddable":true,"href":"https:\/\/www.caririemacao.com\/1\/wp-json\/wp\/v2\/comments?post=141612"}],"version-history":[{"count":1,"href":"https:\/\/www.caririemacao.com\/1\/wp-json\/wp\/v2\/posts\/141612\/revisions"}],"predecessor-version":[{"id":141613,"href":"https:\/\/www.caririemacao.com\/1\/wp-json\/wp\/v2\/posts\/141612\/revisions\/141613"}],"wp:featuredmedia":[{"embeddable":true,"href":"https:\/\/www.caririemacao.com\/1\/wp-json\/wp\/v2\/media\/109971"}],"wp:attachment":[{"href":"https:\/\/www.caririemacao.com\/1\/wp-json\/wp\/v2\/media?parent=141612"}],"wp:term":[{"taxonomy":"category","embeddable":true,"href":"https:\/\/www.caririemacao.com\/1\/wp-json\/wp\/v2\/categories?post=141612"},{"taxonomy":"post_tag","embeddable":true,"href":"https:\/\/www.caririemacao.com\/1\/wp-json\/wp\/v2\/tags?post=141612"}],"curies":[{"name":"wp","href":"https:\/\/api.w.org\/{rel}","templated":true}]}}