{"id":141617,"date":"2019-12-19T06:16:21","date_gmt":"2019-12-19T09:16:21","guid":{"rendered":"http:\/\/www.caririemacao.com\/1\/?p=141617"},"modified":"2019-12-19T06:16:21","modified_gmt":"2019-12-19T09:16:21","slug":"dolar-comercial-encerra-sessao-em-r-406","status":"publish","type":"post","link":"https:\/\/www.caririemacao.com\/1\/2019\/12\/19\/dolar-comercial-encerra-sessao-em-r-406\/","title":{"rendered":"D\u00f3lar comercial encerra sess\u00e3o em R$ 4,06"},"content":{"rendered":"\n<p>Em dia de ganhos no mercado financeiro, a bolsa de valores voltou a bater recorde, e o d\u00f3lar fechou no menor n\u00edvel em mais de 40 dias.<\/p>\n\n\n\n<p>O \u00edndice Ibovespa, da B3 (antiga Bolsa de Valores de S\u00e3o Paulo), encerrou esta&nbsp;quarta-feira (18) aos 114.315 pontos, com alta de 1,51%. Esse foi o segundo dia seguido de alta do indicador.<\/p>\n\n\n\n<p>No mercado de c\u00e2mbio, o d\u00f3lar comercial encerrou a sess\u00e3o vendido a R$ 4,06, com queda de R$&nbsp;<a href=\"callto:0,013 (-0,13\">0,013 (-0,13<\/a>%). A divisa operou em queda durante toda a sess\u00e3o. Esse \u00e9 o menor valor de fechamento desde&nbsp;5 de novembro&nbsp;(R$ 3,993).<\/p>\n\n\n\n<p>Os \u00faltimos dias t\u00eam se caracterizado por ganhos no mercado financeiro ap\u00f3s a ag\u00eancia de classifica\u00e7\u00e3o de risco Standard &amp; Poor\u2019s anunciar, na semana passada, a&nbsp;<a href=\"http:\/\/agenciabrasil.ebc.com.br\/economia\/noticia\/2019-12\/standard-poors-eleva-perspectiva-da-nota-do-brasil\" target=\"_blank\" rel=\"noreferrer noopener\">eleva\u00e7\u00e3o da perspectiva da nota<\/a>&nbsp;da d\u00edvida p\u00fablica brasileira de est\u00e1vel para positiva. A decis\u00e3o indica que a ag\u00eancia pode subir a nota do cr\u00e9dito soberano do Brasil nos pr\u00f3ximos dois anos caso o pa\u00eds siga com a agenda de reformas e de redu\u00e7\u00e3o dos gastos p\u00fablicos.<\/p>\n\n\n\n<p>O fechamento da primeira fase do&nbsp;<a href=\"http:\/\/agenciabrasil.ebc.com.br\/internacional\/noticia\/2019-12\/estados-unidos-e-china-concluem-fase-1-de-acordo-comercial\" target=\"_blank\" rel=\"noreferrer noopener\">acordo comercial<\/a>&nbsp;entre Estados Unidos e China tamb\u00e9m contribuiu para o otimismo em rela\u00e7\u00e3o a economias emergentes, como o Brasil. O risco Brasil medido pelo Credit Default Swap (CDS) de cinco anos fechou em 96,4 pontos, o menor n\u00edvel em nove anos.<\/p>\n","protected":false},"excerpt":{"rendered":"<p>Em dia de ganhos no mercado financeiro, a bolsa de valores voltou a bater recorde, e o d\u00f3lar fechou no menor n\u00edvel em mais de&hellip; <\/p>\n","protected":false},"author":1,"featured_media":107924,"comment_status":"closed","ping_status":"closed","sticky":false,"template":"","format":"standard","meta":{"sfsi_plus_gutenberg_text_before_share":"","sfsi_plus_gutenberg_show_text_before_share":"","sfsi_plus_gutenberg_icon_type":"","sfsi_plus_gutenberg_icon_alignemt":"","sfsi_plus_gutenburg_max_per_row":"","footnotes":""},"categories":[2],"tags":[],"class_list":["post-141617","post","type-post","status-publish","format-standard","has-post-thumbnail","hentry","category-geral"],"_links":{"self":[{"href":"https:\/\/www.caririemacao.com\/1\/wp-json\/wp\/v2\/posts\/141617","targetHints":{"allow":["GET"]}}],"collection":[{"href":"https:\/\/www.caririemacao.com\/1\/wp-json\/wp\/v2\/posts"}],"about":[{"href":"https:\/\/www.caririemacao.com\/1\/wp-json\/wp\/v2\/types\/post"}],"author":[{"embeddable":true,"href":"https:\/\/www.caririemacao.com\/1\/wp-json\/wp\/v2\/users\/1"}],"replies":[{"embeddable":true,"href":"https:\/\/www.caririemacao.com\/1\/wp-json\/wp\/v2\/comments?post=141617"}],"version-history":[{"count":1,"href":"https:\/\/www.caririemacao.com\/1\/wp-json\/wp\/v2\/posts\/141617\/revisions"}],"predecessor-version":[{"id":141621,"href":"https:\/\/www.caririemacao.com\/1\/wp-json\/wp\/v2\/posts\/141617\/revisions\/141621"}],"wp:featuredmedia":[{"embeddable":true,"href":"https:\/\/www.caririemacao.com\/1\/wp-json\/wp\/v2\/media\/107924"}],"wp:attachment":[{"href":"https:\/\/www.caririemacao.com\/1\/wp-json\/wp\/v2\/media?parent=141617"}],"wp:term":[{"taxonomy":"category","embeddable":true,"href":"https:\/\/www.caririemacao.com\/1\/wp-json\/wp\/v2\/categories?post=141617"},{"taxonomy":"post_tag","embeddable":true,"href":"https:\/\/www.caririemacao.com\/1\/wp-json\/wp\/v2\/tags?post=141617"}],"curies":[{"name":"wp","href":"https:\/\/api.w.org\/{rel}","templated":true}]}}