{"id":141640,"date":"2019-12-19T07:34:43","date_gmt":"2019-12-19T10:34:43","guid":{"rendered":"http:\/\/www.caririemacao.com\/1\/?p=141640"},"modified":"2019-12-19T07:34:43","modified_gmt":"2019-12-19T10:34:43","slug":"numero-de-fumantes-diminui-em-nivel-mundial","status":"publish","type":"post","link":"https:\/\/www.caririemacao.com\/1\/2019\/12\/19\/numero-de-fumantes-diminui-em-nivel-mundial\/","title":{"rendered":"N\u00famero de fumantes diminui em n\u00edvel mundial"},"content":{"rendered":"\n<p>Pela primeira vez em 18 anos, o n\u00famero de fumantes no mundo est\u00e1 diminuindo, de acordo com dados da Organiza\u00e7\u00e3o Mundial de Sa\u00fade (OMS).<\/p>\n\n\n\n<p>A queda \u00e9 registrada entre homens, os maiores consumidores, e as mulheres.<\/p>\n\n\n\n<p>As considera\u00e7\u00f5es do relat\u00f3rio mostram as tend\u00eancias do tabagismo em um per\u00edodo de 25 anos, entre 2000 e as previs\u00f5es at\u00e9 2025.<\/p>\n","protected":false},"excerpt":{"rendered":"<p>Pela primeira vez em 18 anos, o n\u00famero de fumantes no mundo est\u00e1 diminuindo, de acordo com dados da Organiza\u00e7\u00e3o Mundial de Sa\u00fade (OMS). A&hellip; <\/p>\n","protected":false},"author":1,"featured_media":141641,"comment_status":"closed","ping_status":"closed","sticky":false,"template":"","format":"standard","meta":{"sfsi_plus_gutenberg_text_before_share":"","sfsi_plus_gutenberg_show_text_before_share":"","sfsi_plus_gutenberg_icon_type":"","sfsi_plus_gutenberg_icon_alignemt":"","sfsi_plus_gutenburg_max_per_row":"","footnotes":""},"categories":[16],"tags":[],"class_list":["post-141640","post","type-post","status-publish","format-standard","has-post-thumbnail","hentry","category-saude"],"_links":{"self":[{"href":"https:\/\/www.caririemacao.com\/1\/wp-json\/wp\/v2\/posts\/141640","targetHints":{"allow":["GET"]}}],"collection":[{"href":"https:\/\/www.caririemacao.com\/1\/wp-json\/wp\/v2\/posts"}],"about":[{"href":"https:\/\/www.caririemacao.com\/1\/wp-json\/wp\/v2\/types\/post"}],"author":[{"embeddable":true,"href":"https:\/\/www.caririemacao.com\/1\/wp-json\/wp\/v2\/users\/1"}],"replies":[{"embeddable":true,"href":"https:\/\/www.caririemacao.com\/1\/wp-json\/wp\/v2\/comments?post=141640"}],"version-history":[{"count":1,"href":"https:\/\/www.caririemacao.com\/1\/wp-json\/wp\/v2\/posts\/141640\/revisions"}],"predecessor-version":[{"id":141642,"href":"https:\/\/www.caririemacao.com\/1\/wp-json\/wp\/v2\/posts\/141640\/revisions\/141642"}],"wp:featuredmedia":[{"embeddable":true,"href":"https:\/\/www.caririemacao.com\/1\/wp-json\/wp\/v2\/media\/141641"}],"wp:attachment":[{"href":"https:\/\/www.caririemacao.com\/1\/wp-json\/wp\/v2\/media?parent=141640"}],"wp:term":[{"taxonomy":"category","embeddable":true,"href":"https:\/\/www.caririemacao.com\/1\/wp-json\/wp\/v2\/categories?post=141640"},{"taxonomy":"post_tag","embeddable":true,"href":"https:\/\/www.caririemacao.com\/1\/wp-json\/wp\/v2\/tags?post=141640"}],"curies":[{"name":"wp","href":"https:\/\/api.w.org\/{rel}","templated":true}]}}