{"id":141646,"date":"2019-12-19T07:36:43","date_gmt":"2019-12-19T10:36:43","guid":{"rendered":"http:\/\/www.caririemacao.com\/1\/?p=141646"},"modified":"2019-12-19T07:36:43","modified_gmt":"2019-12-19T10:36:43","slug":"bolsonaro-sanciona-lei-do-medicos-pelo-brasil","status":"publish","type":"post","link":"https:\/\/www.caririemacao.com\/1\/2019\/12\/19\/bolsonaro-sanciona-lei-do-medicos-pelo-brasil\/","title":{"rendered":"Bolsonaro sanciona Lei do M\u00e9dicos pelo Brasil"},"content":{"rendered":"\n<p> O presidente\u00a0<a rel=\"noreferrer noopener\" href=\"http:\/\/agenciabrasil.ebc.com.br\/tags\/jair-bolsonaro\" target=\"_blank\">Jair Bolsonaro<\/a>\u00a0sancionou,\u00a0no in\u00edcio da tarde de hoje (18), no Pal\u00e1cio do Planalto, a\u00a0<a rel=\"noreferrer noopener\" href=\"http:\/\/agenciabrasil.ebc.com.br\/politica\/noticia\/2019-11\/camara-aprova-mp-que-cria-o-programa-medicos-pelo-brasil\" target=\"_blank\">lei que cria o programa M\u00e9dicos pelo Brasil<\/a>. O programa substituir\u00e1 o Mais M\u00e9dicos, criado em 2013.\u00a0\u00a0<\/p>\n\n\n\n<p>Ao todo, o Minist\u00e9rio da Sa\u00fade prev\u00ea&nbsp;18 mil vagas para m\u00e9dicos em&nbsp;todo o pa\u00eds, principalmente em munic\u00edpios pequenos e distantes dos grandes centros urbanos. Segundo a pasta, esse n\u00famero amplia em 7 mil vagas a oferta atual de m\u00e9dicos em munic\u00edpios onde h\u00e1 os maiores vazios assistenciais do Brasil. O programa tamb\u00e9m vai formar m\u00e9dicos especialistas em medicina de fam\u00edlia e comunidade.&nbsp;<\/p>\n\n\n\n<p>Em entrevista \u00e0 imprensa, o ministro da Sa\u00fade, Luiz Henrique Mandetta, informou que os primeiros m\u00e9dicos contratados pelo novo programa come\u00e7ar\u00e3o a trabalhar em cerca de quatro meses.&nbsp;<\/p>\n\n\n\n<p>&#8220;J\u00e1 iniciamos a constru\u00e7\u00e3o do processo seletivo, esperamos trabalhar com isso no m\u00eas de fevereiro, para chegarmos com os primeiros profissionais aproximadamente no m\u00eas de abril, porque \u00e9 o tempo de fazer, corrigir, publicar, ver as quest\u00f5es que normalmente s\u00e3o question\u00e1veis em rela\u00e7\u00e3o ao resultado, homologar e j\u00e1 come\u00e7ar a colocar os m\u00e9dicos nos locais de mais dif\u00edcil provimento do pa\u00eds&#8221;, afirmou.<\/p>\n\n\n\n<h2 class=\"wp-block-heading\">Contrata\u00e7\u00e3o<\/h2>\n\n\n\n<p>Os aprovados no programa ser\u00e3o alocados em unidades de sa\u00fade predefinidas pelo minist\u00e9rio e ter\u00e3o dois anos para realizar curso de especializa\u00e7\u00e3o em medicina de fam\u00edlia e comunidade. A valor da bolsa forma\u00e7\u00e3o que eles receber\u00e3o ser\u00e1 de R$ 12 mil mensais e gratifica\u00e7\u00e3o de R$ 3 mil adicionais para locais remotos ou R$ 6 mil adicionais para distritos ind\u00edgenas, al\u00e9m de localidades ribeirinhas e fluviais.&nbsp;<\/p>\n\n\n\n<p>Para a fun\u00e7\u00e3o de tutor m\u00e9dico, ser\u00e3o selecionados especialistas em medicina de fam\u00edlia e comunidade ou de cl\u00ednica m\u00e9dica. Ap\u00f3s aprova\u00e7\u00e3o em processo seletivo, estes profissionais ser\u00e3o contratados pelo regime da Consolida\u00e7\u00e3o das Leis do Trabalho (CLT) e ser\u00e3o respons\u00e1veis pelo atendimento \u00e0 popula\u00e7\u00e3o nas unidades definidas e pela supervis\u00e3o dos demais m\u00e9dicos durante o per\u00edodo do curso de especializa\u00e7\u00e3o.<\/p>\n\n\n\n<p>Os contratos com carteira assinada podem variar entre quatro n\u00edveis salariais que variam entre R$ 21 mil e R$ 31 mil, j\u00e1 inclu\u00eddos os acr\u00e9scimos por desempenho que podem variar entre 11% a 30% do sal\u00e1rio \u2013 medido pela qualidade de atendimento e satisfa\u00e7\u00e3o da popula\u00e7\u00e3o \u2013 e dificuldades do local. O valor tamb\u00e9m inclui gratifica\u00e7\u00e3o (R$ 1 mil por m\u00eas) para os m\u00e9dicos que acumularem o cargo de tutor. Al\u00e9m disto, h\u00e1 previs\u00e3o de progress\u00e3o salarial a cada tr\u00eas anos de participa\u00e7\u00e3o no programa.<\/p>\n\n\n\n<p>Ao contr\u00e1rio do programa anterior, o Mais M\u00e9dicos, no M\u00e9dicos pelo Brasil todos os selecionados dever\u00e3o ter registro nos conselhos regionais de Medicina (CRM).&nbsp;<\/p>\n\n\n\n<h2 class=\"wp-block-heading\">Revalida<\/h2>\n\n\n\n<p>O presidente Bolsonaro decidiu vetar a proposta aprovada pelo Congresso Nacional, no m\u00eas passado, que permitiria a realiza\u00e7\u00e3o do exame de revalida\u00e7\u00e3o de diplomas para m\u00e9dicos formados no exterior, o Revalida, tamb\u00e9m por faculdades privadas. Ser aprovado no Revalida \u00e9 uma condi\u00e7\u00e3o obrigat\u00f3ria para que m\u00e9dicos que n\u00e3o tenham diplomas expedidos no Brasil possam ter registro no CRM e exercer a profiss\u00e3o no pa\u00eds.&nbsp;&nbsp;<\/p>\n\n\n\n<p>Segundo o texto aprovado pelo Legislativo, as faculdades privadas que poderiam revalidar os diplomas estrangeiros seriam aquelas com notas 4 e 5 no Exame Nacional de Desempenho dos Estudantes (Enade) e que oferecessem cursos de medicina. Com o veto, apenas institui\u00e7\u00f5es p\u00fablicas de ensino mant\u00eam a prerrogativa de revalida\u00e7\u00e3o.&nbsp;&nbsp;<\/p>\n\n\n\n<h2 class=\"wp-block-heading\">Maior oferta<\/h2>\n\n\n\n<p>A lei ainda autoriza a cria\u00e7\u00e3o da Ag\u00eancia para o Desenvolvimento da Aten\u00e7\u00e3o Prim\u00e1ria \u00e0 Sa\u00fade (Adaps), que ser\u00e1 respons\u00e1vel pela sele\u00e7\u00e3o e contrata\u00e7\u00e3o dos profissionais que atuar\u00e3o no programa. Caber\u00e1 ao Minist\u00e9rio da Sa\u00fade a sele\u00e7\u00e3o dos munic\u00edpios de destino dos m\u00e9dicos contratados.<\/p>\n\n\n\n<p>Para classifica\u00e7\u00e3o dos locais, o novo programa foi elaborado a partir da metodologia do Instituto Brasileiro de Geografia e Estat\u00edstica (IBGE), baseada em estudo da Organiza\u00e7\u00e3o para a Coopera\u00e7\u00e3o e Desenvolvimento Econ\u00f4mico (OCDE). Os munic\u00edpios s\u00e3o divididos em cinco categorias: rurais remotos, rurais adjacentes, intermedi\u00e1rios remotos, intermedi\u00e1rios adjacentes e urbanos. Ser\u00e3o priorizados os munic\u00edpios rurais remotos, rurais adjacentes e intermedi\u00e1rios remotos que, juntos, concentram 3,4 mil cidades, al\u00e9m das unidades de Sa\u00fade da Fam\u00edlia ribeirinhas e fluviais e dos Distritos Sanit\u00e1rios Especiais Ind\u00edgenas (DSEIs).<\/p>\n\n\n\n<p>Com esse novo c\u00e1lculo, a expectativa do ministro da Sa\u00fade \u00e9 praticamente dobrar o n\u00famero de m\u00e9dicos em \u00e1reas remotas em rela\u00e7\u00e3o ao que havia no programa Mais M\u00e9dicos. &#8220;No programa anterior, voc\u00ea tinha 7 mil no Norte e Nordeste. Na simula\u00e7\u00e3o, pelos indicadores t\u00e9cnicos, n\u00f3s devemos chegar a 13,8 mil no Norte e Nordeste, nas \u00e1reas de mais dif\u00edcil provimento no Brasil, quase que dobra&#8221;, disse Mandetta.&nbsp;<\/p>\n\n\n\n<p>O programa M\u00e9dicos pelo Brasil seguir\u00e1 coexistindo com o Mais M\u00e9dicos, at\u00e9 que todas as 18 mil vagas do novo programa sejam preenchidas e os contratos anteriores cheguem ao fim.<\/p>\n\n\n\n<p>&#8220;N\u00f3s tivemos o cuidado de n\u00e3o acabar, n\u00e3o extinguir a lei anterior, exatamente porque at\u00e9 que esse sistema v\u00e1 fazendo a sele\u00e7\u00e3o e v\u00e1 conseguindo lotar e as pessoas v\u00e3o se radicando, a gente fica com aquela poss\u00edvel v\u00e1lvula de escape, que \u00e9 um processo simplificado&#8221;, explicou o ministro da Sa\u00fade.<\/p>\n\n\n\n<h2 class=\"wp-block-heading\">Cubanos<\/h2>\n\n\n\n<p>Com a nova lei, os profissionais cubanos que atuaram no Mais M\u00e9dicos poder\u00e3o ser reincorporados ao programa, por um prazo improrrog\u00e1vel de dois anos. Para isso, ter\u00e3o de atender aos seguintes requisitos: estar no exerc\u00edcio de suas atividades no Programa Mais M\u00e9dicos, no dia 13 de novembro de 2018; ter sido desligado do programa em raz\u00e3o do fim do acordo de coopera\u00e7\u00e3o entre o Minist\u00e9rio da Sa\u00fade P\u00fablica de Cuba e a Organiza\u00e7\u00e3o Pan-Americana da Sa\u00fade (Opas); ter permanecido em territ\u00f3rio nacional at\u00e9 a data da publica\u00e7\u00e3o da Medida Provis\u00f3ria n\u00ba 890 (Programa M\u00e9dicos pelo Brasil) na condi\u00e7\u00e3o de naturalizado, residente ou com pedido de ref\u00fagio.<\/p>\n\n\n\n<p>Segundo o ministro da Sa\u00fade, dos pouco mais de 8 mil m\u00e9dicos cubanos que chegaram a trabalhar no pa\u00eds pelo Mais M\u00e9dicos, cerca 2 mil permaneceram no pa\u00eds e poder\u00e3o ser reincorporados ao programa por at\u00e9 dois anos. Para seguirem atuando no pa\u00eds depois desse per\u00edodo, ser\u00e1 exigida aprova\u00e7\u00e3o no Revalida.<\/p>\n","protected":false},"excerpt":{"rendered":"<p>O presidente\u00a0Jair Bolsonaro\u00a0sancionou,\u00a0no in\u00edcio da tarde de hoje (18), no Pal\u00e1cio do Planalto, a\u00a0lei que cria o programa M\u00e9dicos pelo Brasil. O programa substituir\u00e1 o&hellip; <\/p>\n","protected":false},"author":1,"featured_media":141647,"comment_status":"closed","ping_status":"closed","sticky":false,"template":"","format":"standard","meta":{"sfsi_plus_gutenberg_text_before_share":"","sfsi_plus_gutenberg_show_text_before_share":"","sfsi_plus_gutenberg_icon_type":"","sfsi_plus_gutenberg_icon_alignemt":"","sfsi_plus_gutenburg_max_per_row":"","footnotes":""},"categories":[11],"tags":[],"class_list":["post-141646","post","type-post","status-publish","format-standard","has-post-thumbnail","hentry","category-politica"],"_links":{"self":[{"href":"https:\/\/www.caririemacao.com\/1\/wp-json\/wp\/v2\/posts\/141646","targetHints":{"allow":["GET"]}}],"collection":[{"href":"https:\/\/www.caririemacao.com\/1\/wp-json\/wp\/v2\/posts"}],"about":[{"href":"https:\/\/www.caririemacao.com\/1\/wp-json\/wp\/v2\/types\/post"}],"author":[{"embeddable":true,"href":"https:\/\/www.caririemacao.com\/1\/wp-json\/wp\/v2\/users\/1"}],"replies":[{"embeddable":true,"href":"https:\/\/www.caririemacao.com\/1\/wp-json\/wp\/v2\/comments?post=141646"}],"version-history":[{"count":1,"href":"https:\/\/www.caririemacao.com\/1\/wp-json\/wp\/v2\/posts\/141646\/revisions"}],"predecessor-version":[{"id":141648,"href":"https:\/\/www.caririemacao.com\/1\/wp-json\/wp\/v2\/posts\/141646\/revisions\/141648"}],"wp:featuredmedia":[{"embeddable":true,"href":"https:\/\/www.caririemacao.com\/1\/wp-json\/wp\/v2\/media\/141647"}],"wp:attachment":[{"href":"https:\/\/www.caririemacao.com\/1\/wp-json\/wp\/v2\/media?parent=141646"}],"wp:term":[{"taxonomy":"category","embeddable":true,"href":"https:\/\/www.caririemacao.com\/1\/wp-json\/wp\/v2\/categories?post=141646"},{"taxonomy":"post_tag","embeddable":true,"href":"https:\/\/www.caririemacao.com\/1\/wp-json\/wp\/v2\/tags?post=141646"}],"curies":[{"name":"wp","href":"https:\/\/api.w.org\/{rel}","templated":true}]}}