{"id":141660,"date":"2019-12-19T08:16:39","date_gmt":"2019-12-19T11:16:39","guid":{"rendered":"http:\/\/www.caririemacao.com\/1\/?p=141660"},"modified":"2019-12-19T08:16:39","modified_gmt":"2019-12-19T11:16:39","slug":"indice-que-regula-aluguel-tem-inflacao-de-727-em-12-meses","status":"publish","type":"post","link":"https:\/\/www.caririemacao.com\/1\/2019\/12\/19\/indice-que-regula-aluguel-tem-inflacao-de-727-em-12-meses\/","title":{"rendered":"Indice que regula aluguel tem infla\u00e7\u00e3o de 7,27% em 12 meses"},"content":{"rendered":"\n<p>O IGP-M, \u00cdndice Geral de Pre\u00e7os-Mercado, usado no reajuste de contratos de aluguel, registrou infla\u00e7\u00e3o de 2,06% na segunda pr\u00e9via de dezembro. Na segunda pr\u00e9via de novembro houve defla\u00e7\u00e3o de 0,01%, segundo dados da Funda\u00e7\u00e3o Getulio Vargas (FGV).<\/p>\n\n\n\n<p>Em 12 meses, o IGP-M acumula infla\u00e7\u00e3o de 7,27%. A alta da taxa de novembro para dezembro foi puxada pelos pre\u00e7os no atacado e no varejo. O \u00cdndice de Pre\u00e7os ao Produtor Amplo, que mede o atacado, subiu de -0,06% para 2,85%. J\u00e1 o \u00cdndice de Pre\u00e7os ao Consumidor, que mede o varejo, subiu de 0,03% para 0,74%.<\/p>\n\n\n\n<p>O \u00cdndice Nacional de Custo da Constru\u00e7\u00e3o n\u00e3o registrou varia\u00e7\u00e3o de pre\u00e7os em dezembro. Em novembro, houve infla\u00e7\u00e3o de 0,24%.<\/p>\n","protected":false},"excerpt":{"rendered":"<p>O IGP-M, \u00cdndice Geral de Pre\u00e7os-Mercado, usado no reajuste de contratos de aluguel, registrou infla\u00e7\u00e3o de 2,06% na segunda pr\u00e9via de dezembro. Na segunda pr\u00e9via&hellip; <\/p>\n","protected":false},"author":1,"featured_media":9677,"comment_status":"closed","ping_status":"closed","sticky":false,"template":"","format":"standard","meta":{"sfsi_plus_gutenberg_text_before_share":"","sfsi_plus_gutenberg_show_text_before_share":"","sfsi_plus_gutenberg_icon_type":"","sfsi_plus_gutenberg_icon_alignemt":"","sfsi_plus_gutenburg_max_per_row":"","footnotes":""},"categories":[2],"tags":[],"class_list":["post-141660","post","type-post","status-publish","format-standard","has-post-thumbnail","hentry","category-geral"],"_links":{"self":[{"href":"https:\/\/www.caririemacao.com\/1\/wp-json\/wp\/v2\/posts\/141660","targetHints":{"allow":["GET"]}}],"collection":[{"href":"https:\/\/www.caririemacao.com\/1\/wp-json\/wp\/v2\/posts"}],"about":[{"href":"https:\/\/www.caririemacao.com\/1\/wp-json\/wp\/v2\/types\/post"}],"author":[{"embeddable":true,"href":"https:\/\/www.caririemacao.com\/1\/wp-json\/wp\/v2\/users\/1"}],"replies":[{"embeddable":true,"href":"https:\/\/www.caririemacao.com\/1\/wp-json\/wp\/v2\/comments?post=141660"}],"version-history":[{"count":1,"href":"https:\/\/www.caririemacao.com\/1\/wp-json\/wp\/v2\/posts\/141660\/revisions"}],"predecessor-version":[{"id":141661,"href":"https:\/\/www.caririemacao.com\/1\/wp-json\/wp\/v2\/posts\/141660\/revisions\/141661"}],"wp:featuredmedia":[{"embeddable":true,"href":"https:\/\/www.caririemacao.com\/1\/wp-json\/wp\/v2\/media\/9677"}],"wp:attachment":[{"href":"https:\/\/www.caririemacao.com\/1\/wp-json\/wp\/v2\/media?parent=141660"}],"wp:term":[{"taxonomy":"category","embeddable":true,"href":"https:\/\/www.caririemacao.com\/1\/wp-json\/wp\/v2\/categories?post=141660"},{"taxonomy":"post_tag","embeddable":true,"href":"https:\/\/www.caririemacao.com\/1\/wp-json\/wp\/v2\/tags?post=141660"}],"curies":[{"name":"wp","href":"https:\/\/api.w.org\/{rel}","templated":true}]}}