{"id":141666,"date":"2019-12-19T08:21:04","date_gmt":"2019-12-19T11:21:04","guid":{"rendered":"http:\/\/www.caririemacao.com\/1\/?p=141666"},"modified":"2019-12-19T08:21:04","modified_gmt":"2019-12-19T11:21:04","slug":"meu-filho-repetiu-de-ano-na-escola-e-agora","status":"publish","type":"post","link":"https:\/\/www.caririemacao.com\/1\/2019\/12\/19\/meu-filho-repetiu-de-ano-na-escola-e-agora\/","title":{"rendered":"Meu filho repetiu de ano na escola, e agora?"},"content":{"rendered":"\n<p>O Tarde Nacional conversou com a especialista em habilidades socioemocionais, Tania Fontolan sobre como os pais podem lidar com a reprova\u00e7\u00e3o dos filhos.<\/p>\n\n\n\n<p>Saber como lidar com a not\u00edcia de repet\u00eancia escolar do filho exige aten\u00e7\u00e3o dos pais para a tomada de decis\u00e3o que diz respeito ao pr\u00f3ximo ano letivo.<\/p>\n\n\n\n<p>&#8221; Tanto aluno como a fam\u00edlia recebem a not\u00edcia com frustra\u00e7\u00e3o. Mas normalmente a reprova\u00e7\u00e3o n\u00e3o chega a ser uma surpresa. Diante da situa\u00e7\u00e3o os pais devem entender qual a raz\u00e3o que levou ao resultado indesejado, para isso \u00e9 preciso sentar e conversar com os filhos\u201d, diz a especialista.<\/p>\n\n\n\n<p>Segundo o Unicef, cerca de 3,5 milh\u00f5es de alunos reprovaram ou abandonaram a escola em 2018. O estudo, divulgado recentemente em parceria do Instituto Claro, analisou o Censo Escolar 2018 e mostrou que esse n\u00famero reflete a realidade, principalmente, dos anos finais da Educa\u00e7\u00e3o B\u00e1sica, no Ensino M\u00e9dio.<\/p>\n\n\n\n<p>Ag\u00eancia Brasil <\/p>\n","protected":false},"excerpt":{"rendered":"<p>O Tarde Nacional conversou com a especialista em habilidades socioemocionais, Tania Fontolan sobre como os pais podem lidar com a reprova\u00e7\u00e3o dos filhos. Saber como&hellip; <\/p>\n","protected":false},"author":1,"featured_media":110334,"comment_status":"closed","ping_status":"closed","sticky":false,"template":"","format":"standard","meta":{"sfsi_plus_gutenberg_text_before_share":"","sfsi_plus_gutenberg_show_text_before_share":"","sfsi_plus_gutenberg_icon_type":"","sfsi_plus_gutenberg_icon_alignemt":"","sfsi_plus_gutenburg_max_per_row":"","footnotes":""},"categories":[14],"tags":[],"class_list":["post-141666","post","type-post","status-publish","format-standard","has-post-thumbnail","hentry","category-educacao"],"_links":{"self":[{"href":"https:\/\/www.caririemacao.com\/1\/wp-json\/wp\/v2\/posts\/141666","targetHints":{"allow":["GET"]}}],"collection":[{"href":"https:\/\/www.caririemacao.com\/1\/wp-json\/wp\/v2\/posts"}],"about":[{"href":"https:\/\/www.caririemacao.com\/1\/wp-json\/wp\/v2\/types\/post"}],"author":[{"embeddable":true,"href":"https:\/\/www.caririemacao.com\/1\/wp-json\/wp\/v2\/users\/1"}],"replies":[{"embeddable":true,"href":"https:\/\/www.caririemacao.com\/1\/wp-json\/wp\/v2\/comments?post=141666"}],"version-history":[{"count":1,"href":"https:\/\/www.caririemacao.com\/1\/wp-json\/wp\/v2\/posts\/141666\/revisions"}],"predecessor-version":[{"id":141667,"href":"https:\/\/www.caririemacao.com\/1\/wp-json\/wp\/v2\/posts\/141666\/revisions\/141667"}],"wp:featuredmedia":[{"embeddable":true,"href":"https:\/\/www.caririemacao.com\/1\/wp-json\/wp\/v2\/media\/110334"}],"wp:attachment":[{"href":"https:\/\/www.caririemacao.com\/1\/wp-json\/wp\/v2\/media?parent=141666"}],"wp:term":[{"taxonomy":"category","embeddable":true,"href":"https:\/\/www.caririemacao.com\/1\/wp-json\/wp\/v2\/categories?post=141666"},{"taxonomy":"post_tag","embeddable":true,"href":"https:\/\/www.caririemacao.com\/1\/wp-json\/wp\/v2\/tags?post=141666"}],"curies":[{"name":"wp","href":"https:\/\/api.w.org\/{rel}","templated":true}]}}