{"id":141670,"date":"2019-12-19T08:24:02","date_gmt":"2019-12-19T11:24:02","guid":{"rendered":"http:\/\/www.caririemacao.com\/1\/?p=141670"},"modified":"2019-12-19T08:24:02","modified_gmt":"2019-12-19T11:24:02","slug":"economia-crescera-pelo-menos-2-em-2020-diz-guedes","status":"publish","type":"post","link":"https:\/\/www.caririemacao.com\/1\/2019\/12\/19\/economia-crescera-pelo-menos-2-em-2020-diz-guedes\/","title":{"rendered":"Economia crescer\u00e1 pelo menos 2% em 2020, diz Guedes"},"content":{"rendered":"\n<p><br>A economia crescer\u00e1 pelo menos 2% em 2020, disse h\u00e1 pouco o ministro da Economia, Paulo Guedes. Em entrevista coletiva para fazer o balan\u00e7o de fim de ano da pasta, o ministro se disse otimista com a evolu\u00e7\u00e3o da economia e afirmou que as reformas estruturais para reduzir os gastos p\u00fablicos est\u00e3o come\u00e7ando a dar frutos.<\/p>\n\n\n\n<p>\u201cO PIB [Produto Interno Bruto] crescer\u00e1 no m\u00ednimo 2% ano que vem. Essa \u00e9 uma estimativa conservadora da nossa parte. Acreditamos que a economia crescer\u00e1 pelo menos o dobro deste ano. Se 2019 fechar com 1,2% [de crescimento do PIB], [a economia] crescer\u00e1 2,4% em 2020\u201d, explicou o ministro.<\/p>\n\n\n\n<p>A estimativa de 2% apresentada por Guedes est\u00e1 mais conservadora que a das institui\u00e7\u00f5es financeiras. Na&nbsp;<a href=\"http:\/\/agenciabrasil.ebc.com.br\/economia\/noticia\/2019-12\/mercado-financeiro-eleva-estimativa-de-inflacao-para-386-este-ano\" target=\"_blank\" rel=\"noreferrer noopener\">\u00faltima edi\u00e7\u00e3o do boletim Focus<\/a>, pesquisa com institui\u00e7\u00f5es financeiras divulgada toda semana pelo Banco Central, os analistas de mercado acreditavam em crescimento de 1,12% do PIB em 2019 e de 2,25% em 2020.<\/p>\n\n\n\n<p>Para Guedes, o crescimento da economia brasileira pr\u00f3ximo de 1% em 2019 n\u00e3o foi surpresa. Em janeiro, o boletim Focus previa expans\u00e3o de 2,53% da economia para este ano, mas o ministro disse que as expectativas s\u00f3 come\u00e7aram a ser ajustadas ap\u00f3s a aprova\u00e7\u00e3o da reforma da Previd\u00eancia. \u201cComo a economia ia crescer se a gente ainda n\u00e3o tinha aprovado a reforma?\u201d, questionou.<\/p>\n\n\n\n<p>O ministro ressaltou que a aprova\u00e7\u00e3o da reforma da Previd\u00eancia foi essencial para que os juros de longo prazo ca\u00edssem, o que resultar\u00e1 em taxas baixas para os pr\u00f3ximos anos. \u201cA primeira torre que derrubamos foi a da Previd\u00eancia Social, que era uma f\u00e1brica de privil\u00e9gios insustent\u00e1veis\u201d, ressaltou.<\/p>\n\n\n\n<p>Segundo Guedes, a economia de R$ 800 bilh\u00f5es para a Uni\u00e3o nos pr\u00f3ximos dez anos proporcionada pela reforma mostra que o Congresso est\u00e1 comprometido com as mudan\u00e7as estruturais da economia e que a Previd\u00eancia, com gastos em torno de R$ 700 bilh\u00f5es por ano, era a principal fonte de desequil\u00edbrio fiscal.<\/p>\n\n\n\n<h2 class=\"wp-block-heading\">Juros<\/h2>\n\n\n\n<p>O ministro destacou que a aprova\u00e7\u00e3o da reforma da Previd\u00eancia levou \u00e0 diminui\u00e7\u00e3o dos juros da d\u00edvida p\u00fablica, o segundo maior gasto federal, que consome cerca de R$ 400 bilh\u00f5es por ano. Al\u00e9m das mudan\u00e7as na Previd\u00eancia, Guedes destacou a devolu\u00e7\u00e3o de recursos de bancos p\u00fablicos para o Tesouro e as privatiza\u00e7\u00f5es de subsidi\u00e1rias de estatais como fatores que ajudaram a reduzir as despesas com juros e a segurar o endividamento p\u00fablico.<\/p>\n\n\n\n<p>\u201cNossa&nbsp;segunda&nbsp;grande torre s\u00e3o os gastos da d\u00edvida p\u00fablica. Vamos despedalar os bancos p\u00fablicos, mandando de volta [para o Tesouro] a d\u00edvida que eles t\u00eam com a Uni\u00e3o. Desaceleramos o endividamento com bancos p\u00fablicos devolvendo dinheiro. O secret\u00e1rio Salim Mattar est\u00e1 privatizando. Assim estamos desacelerando o endividamento em forma de neve\u201d, disse.<\/p>\n\n\n\n<p>A terceira fonte de controle dos gastos p\u00fablicos que o ministro prometeu reduzir s\u00e3o as despesas com o funcionalismo p\u00fablico, que consomem em torno de R$ 300 bilh\u00f5es por ano. Segundo Guedes, a n\u00e3o reposi\u00e7\u00e3o de servidores que se aposentam ou saem do governo reduziu o n\u00famero de funcion\u00e1rios federais de 640 mil em janeiro para 610 mil agora. Al\u00e9m disso, ele citou o congelamento dos sal\u00e1rios, previsto no pacto federativo, como instrumento para controlar a folha de pagamento.<\/p>\n\n\n\n<p>\u201cA terceira torre \u00e9 o gasto com o funcionalismo. Nos \u00faltimos 15 ou 16 anos, os servidores tiveram, em m\u00e9dia, reajustes de 50% acima da infla\u00e7\u00e3o, com aposentadorias generosas. Temos um&nbsp;<em>shutdown<\/em>&nbsp;[congelamento de servi\u00e7os p\u00fablicos] \u00e0 brasileira. Em vez de parar de pagar todo mundo, \u00e9 s\u00f3 n\u00e3o dar aumento. Est\u00e1 l\u00e1 no pacto federativo\u201d, explicou.<\/p>\n","protected":false},"excerpt":{"rendered":"<p>A economia crescer\u00e1 pelo menos 2% em 2020, disse h\u00e1 pouco o ministro da Economia, Paulo Guedes. Em entrevista coletiva para fazer o balan\u00e7o de&hellip; <\/p>\n","protected":false},"author":1,"featured_media":106194,"comment_status":"closed","ping_status":"closed","sticky":false,"template":"","format":"standard","meta":{"sfsi_plus_gutenberg_text_before_share":"","sfsi_plus_gutenberg_show_text_before_share":"","sfsi_plus_gutenberg_icon_type":"","sfsi_plus_gutenberg_icon_alignemt":"","sfsi_plus_gutenburg_max_per_row":"","footnotes":""},"categories":[2],"tags":[],"class_list":["post-141670","post","type-post","status-publish","format-standard","has-post-thumbnail","hentry","category-geral"],"_links":{"self":[{"href":"https:\/\/www.caririemacao.com\/1\/wp-json\/wp\/v2\/posts\/141670","targetHints":{"allow":["GET"]}}],"collection":[{"href":"https:\/\/www.caririemacao.com\/1\/wp-json\/wp\/v2\/posts"}],"about":[{"href":"https:\/\/www.caririemacao.com\/1\/wp-json\/wp\/v2\/types\/post"}],"author":[{"embeddable":true,"href":"https:\/\/www.caririemacao.com\/1\/wp-json\/wp\/v2\/users\/1"}],"replies":[{"embeddable":true,"href":"https:\/\/www.caririemacao.com\/1\/wp-json\/wp\/v2\/comments?post=141670"}],"version-history":[{"count":1,"href":"https:\/\/www.caririemacao.com\/1\/wp-json\/wp\/v2\/posts\/141670\/revisions"}],"predecessor-version":[{"id":141671,"href":"https:\/\/www.caririemacao.com\/1\/wp-json\/wp\/v2\/posts\/141670\/revisions\/141671"}],"wp:featuredmedia":[{"embeddable":true,"href":"https:\/\/www.caririemacao.com\/1\/wp-json\/wp\/v2\/media\/106194"}],"wp:attachment":[{"href":"https:\/\/www.caririemacao.com\/1\/wp-json\/wp\/v2\/media?parent=141670"}],"wp:term":[{"taxonomy":"category","embeddable":true,"href":"https:\/\/www.caririemacao.com\/1\/wp-json\/wp\/v2\/categories?post=141670"},{"taxonomy":"post_tag","embeddable":true,"href":"https:\/\/www.caririemacao.com\/1\/wp-json\/wp\/v2\/tags?post=141670"}],"curies":[{"name":"wp","href":"https:\/\/api.w.org\/{rel}","templated":true}]}}