{"id":141690,"date":"2019-12-19T09:23:34","date_gmt":"2019-12-19T12:23:34","guid":{"rendered":"http:\/\/www.caririemacao.com\/1\/?p=141690"},"modified":"2019-12-19T09:23:34","modified_gmt":"2019-12-19T12:23:34","slug":"com-alta-dos-precos-da-carne-inflacao-deve-ficar-em-081-em-dezembro","status":"publish","type":"post","link":"https:\/\/www.caririemacao.com\/1\/2019\/12\/19\/com-alta-dos-precos-da-carne-inflacao-deve-ficar-em-081-em-dezembro\/","title":{"rendered":"Com alta dos pre\u00e7os da carne, infla\u00e7\u00e3o deve ficar em 0,81% em dezembro"},"content":{"rendered":"\n<p> A infla\u00e7\u00e3o deve acelerar em dezembro deste ano, devido a alta dos pre\u00e7os da carne. Apesar da alta recente, o Banco Central (BC) considera que a infla\u00e7\u00e3o neste ano e nos pr\u00f3ximos est\u00e1 em n\u00edveis confort\u00e1veis. A informa\u00e7\u00e3o foi divulgada hoje (19) no Relat\u00f3rio de Infla\u00e7\u00e3o, apresentado trimestralmente.<\/p>\n\n\n\n<p>No relat\u00f3rio, o&nbsp;<a href=\"http:\/\/agenciabrasil.ebc.com.br\/economia\/noticia\/2019-12\/inflacao-oficial-sobe-para-051-em-novembro-deste-ano\" target=\"_blank\" rel=\"noreferrer noopener\">BC<\/a>&nbsp;diz que em novembro a infla\u00e7\u00e3o ficou 0,26 ponto percentual acima do projetado, \u201crepercutindo a combina\u00e7\u00e3o da eleva\u00e7\u00e3o acentuada nos pre\u00e7os de carnes com o reajuste dos jogos lot\u00e9ricos e o acionamento da bandeira vermelha\u201d da energia el\u00e9trica. Segundo o Instituto Brasileiro de Geografia e Estat\u00edstica (IBGE), a infla\u00e7\u00e3o (\u00cdndice Nacional de Pre\u00e7os ao Consumidor Amplo &#8211; IPCA) em novembro chegou a 0,51%.<\/p>\n\n\n\n<p>O BC projeta que a infla\u00e7\u00e3o vai chegar a 0,81% em dezembro. Em janeiro de 2020 deve ficar em 0,53% e em fevereiro, em 0,45%.<\/p>\n\n\n\n<p>Caso se concretize, a alta de 1,80% no trimestre ser\u00e1 consideravelmente superior \u00e0 varia\u00e7\u00e3o de 0,90% observada entre dezembro de 2018 e fevereiro de 2019. \u201cAs taxas de infla\u00e7\u00e3o mais altas esperadas para o trimestre encerrado em fevereiro, em compara\u00e7\u00e3o com as observadas entre setembro e novembro, refletem a perspectiva de alta adicional nos pre\u00e7os de carnes, recupera\u00e7\u00e3o dos pre\u00e7os de alimentos&nbsp;<em>in natura<\/em>\u2013 movimento compat\u00edvel com per\u00edodo chuvoso \u2013 e de eleva\u00e7\u00e3o dos pre\u00e7os de combust\u00edveis, influenciados pela deprecia\u00e7\u00e3o do c\u00e2mbio [alta do d\u00f3lar] e entressafra da cana. Destacam-se, ainda, as altas sazonais nos custos de passagem a\u00e9rea, \u00f4nibus urbano e educa\u00e7\u00e3o, em dezembro, janeiro e fevereiro, respectivamente\u201d, diz o BC, no relat\u00f3rio.<\/p>\n\n\n\n<h2 class=\"wp-block-heading\">Cen\u00e1rios<\/h2>\n\n\n\n<p>Ao se considerar o cen\u00e1rio com trajet\u00f3rias para a taxa de juros e c\u00e2mbio extra\u00eddas da pesquisa do BC a institui\u00e7\u00f5es financeiras, chamada de Focus, as proje\u00e7\u00f5es para a infla\u00e7\u00e3o ficaram em 4% para 2019, 3,5% para 2020 e 3,4% para 2021 e para 2022. Esse cen\u00e1rio sup\u00f5e trajet\u00f3ria de juros que encerra 2019 em 4,50% ao ano, reduz-se para 4,25% ao ano no in\u00edcio de 2020, encerra o per\u00edodo em 4,50% ao ano, sobe at\u00e9 6,25% ao ano em 2021 e para 6,50%, em 2022. Tamb\u00e9m sup\u00f5e trajet\u00f3ria para o d\u00f3lar que termina 2019 em R$ 4,15, 2020 em R$ 4,10 e 2021 e 2022 em R$ 4.<\/p>\n\n\n\n<p>No cen\u00e1rio com trajet\u00f3ria de taxa de juros da pesquisa Focus e taxa de c\u00e2mbio constante em R$ 4,20, as proje\u00e7\u00f5es para a infla\u00e7\u00e3o ficaram em 4% para 2019, 3,7% para 2020, 3,7% para 2021 e 3,5%, para 2022.<\/p>\n\n\n\n<h2 class=\"wp-block-heading\">Meta de infla\u00e7\u00e3o<\/h2>\n\n\n\n<p>Cabe ao BC alcan\u00e7ar a meta de infla\u00e7\u00e3o, definida pelo Conselho Monet\u00e1rio Nacional (CMN). Essa meta \u00e9 4,25% em 2019, 4% em 2020, 3,75% em 2021 e 3,50% em 2022, com intervalo de toler\u00e2ncia de 1,5 ponto percentual para cima ou para baixo.<\/p>\n\n\n\n<p>O principal instrumento usado pelo BC para controlar a infla\u00e7\u00e3o \u00e9 a taxa b\u00e1sica de juros, a Selic. Quando o Copom reduz a Selic, a tend\u00eancia \u00e9 que o cr\u00e9dito fique mais barato, com incentivo \u00e0 produ\u00e7\u00e3o e ao consumo, reduzindo o controle da infla\u00e7\u00e3o e estimulando a atividade econ\u00f4mica.<\/p>\n\n\n\n<p>Quando o Comit\u00ea de Pol\u00edtica Monet\u00e1ria aumenta a Selic, a finalidade \u00e9 conter a demanda aquecida e isso causa reflexos nos pre\u00e7os porque os juros mais altos encarecem o cr\u00e9dito e estimulam a poupan\u00e7a.<\/p>\n","protected":false},"excerpt":{"rendered":"<p>A infla\u00e7\u00e3o deve acelerar em dezembro deste ano, devido a alta dos pre\u00e7os da carne. Apesar da alta recente, o Banco Central (BC) considera que&hellip; <\/p>\n","protected":false},"author":1,"featured_media":90066,"comment_status":"closed","ping_status":"closed","sticky":false,"template":"","format":"standard","meta":{"sfsi_plus_gutenberg_text_before_share":"","sfsi_plus_gutenberg_show_text_before_share":"","sfsi_plus_gutenberg_icon_type":"","sfsi_plus_gutenberg_icon_alignemt":"","sfsi_plus_gutenburg_max_per_row":"","footnotes":""},"categories":[2],"tags":[],"class_list":["post-141690","post","type-post","status-publish","format-standard","has-post-thumbnail","hentry","category-geral"],"_links":{"self":[{"href":"https:\/\/www.caririemacao.com\/1\/wp-json\/wp\/v2\/posts\/141690","targetHints":{"allow":["GET"]}}],"collection":[{"href":"https:\/\/www.caririemacao.com\/1\/wp-json\/wp\/v2\/posts"}],"about":[{"href":"https:\/\/www.caririemacao.com\/1\/wp-json\/wp\/v2\/types\/post"}],"author":[{"embeddable":true,"href":"https:\/\/www.caririemacao.com\/1\/wp-json\/wp\/v2\/users\/1"}],"replies":[{"embeddable":true,"href":"https:\/\/www.caririemacao.com\/1\/wp-json\/wp\/v2\/comments?post=141690"}],"version-history":[{"count":1,"href":"https:\/\/www.caririemacao.com\/1\/wp-json\/wp\/v2\/posts\/141690\/revisions"}],"predecessor-version":[{"id":141691,"href":"https:\/\/www.caririemacao.com\/1\/wp-json\/wp\/v2\/posts\/141690\/revisions\/141691"}],"wp:featuredmedia":[{"embeddable":true,"href":"https:\/\/www.caririemacao.com\/1\/wp-json\/wp\/v2\/media\/90066"}],"wp:attachment":[{"href":"https:\/\/www.caririemacao.com\/1\/wp-json\/wp\/v2\/media?parent=141690"}],"wp:term":[{"taxonomy":"category","embeddable":true,"href":"https:\/\/www.caririemacao.com\/1\/wp-json\/wp\/v2\/categories?post=141690"},{"taxonomy":"post_tag","embeddable":true,"href":"https:\/\/www.caririemacao.com\/1\/wp-json\/wp\/v2\/tags?post=141690"}],"curies":[{"name":"wp","href":"https:\/\/api.w.org\/{rel}","templated":true}]}}