{"id":141698,"date":"2019-12-19T09:29:45","date_gmt":"2019-12-19T12:29:45","guid":{"rendered":"http:\/\/www.caririemacao.com\/1\/?p=141698"},"modified":"2019-12-19T09:29:45","modified_gmt":"2019-12-19T12:29:45","slug":"prefeitura-de-zabele-distribuira-cesta-basica-natalina-aos-beneficiarios-do-programa-bolsa-familia","status":"publish","type":"post","link":"https:\/\/www.caririemacao.com\/1\/2019\/12\/19\/prefeitura-de-zabele-distribuira-cesta-basica-natalina-aos-beneficiarios-do-programa-bolsa-familia\/","title":{"rendered":"Prefeitura de Zabel\u00ea distribuir\u00e1 cesta b\u00e1sica natalina aos benefici\u00e1rios do programa Bolsa Fam\u00edlia"},"content":{"rendered":"\n<p> A Prefeitura Municipal de Zabel\u00ea, atrav\u00e9s da Secretaria Municipal de Assist\u00eancia Social, convida os benefici\u00e1rios do Programa Bolsa Fam\u00edlia para receber uma cesta b\u00e1sica natalina.<br>A entrega ser\u00e1 realizada no dia 20 de dezembro de 2019 a partir das 16:00 horas, no CRAS.<br>Para receber a cesta o benefici\u00e1rio deve apresentar o n\u00famero do NIS \u00e9 CPF.<\/p>\n","protected":false},"excerpt":{"rendered":"<p>A Prefeitura Municipal de Zabel\u00ea, atrav\u00e9s da Secretaria Municipal de Assist\u00eancia Social, convida os benefici\u00e1rios do Programa Bolsa Fam\u00edlia para receber uma cesta b\u00e1sica natalina.A&hellip; <\/p>\n","protected":false},"author":1,"featured_media":141699,"comment_status":"closed","ping_status":"closed","sticky":false,"template":"","format":"standard","meta":{"sfsi_plus_gutenberg_text_before_share":"","sfsi_plus_gutenberg_show_text_before_share":"","sfsi_plus_gutenberg_icon_type":"","sfsi_plus_gutenberg_icon_alignemt":"","sfsi_plus_gutenburg_max_per_row":"","footnotes":""},"categories":[2],"tags":[],"class_list":["post-141698","post","type-post","status-publish","format-standard","has-post-thumbnail","hentry","category-geral"],"_links":{"self":[{"href":"https:\/\/www.caririemacao.com\/1\/wp-json\/wp\/v2\/posts\/141698","targetHints":{"allow":["GET"]}}],"collection":[{"href":"https:\/\/www.caririemacao.com\/1\/wp-json\/wp\/v2\/posts"}],"about":[{"href":"https:\/\/www.caririemacao.com\/1\/wp-json\/wp\/v2\/types\/post"}],"author":[{"embeddable":true,"href":"https:\/\/www.caririemacao.com\/1\/wp-json\/wp\/v2\/users\/1"}],"replies":[{"embeddable":true,"href":"https:\/\/www.caririemacao.com\/1\/wp-json\/wp\/v2\/comments?post=141698"}],"version-history":[{"count":1,"href":"https:\/\/www.caririemacao.com\/1\/wp-json\/wp\/v2\/posts\/141698\/revisions"}],"predecessor-version":[{"id":141700,"href":"https:\/\/www.caririemacao.com\/1\/wp-json\/wp\/v2\/posts\/141698\/revisions\/141700"}],"wp:featuredmedia":[{"embeddable":true,"href":"https:\/\/www.caririemacao.com\/1\/wp-json\/wp\/v2\/media\/141699"}],"wp:attachment":[{"href":"https:\/\/www.caririemacao.com\/1\/wp-json\/wp\/v2\/media?parent=141698"}],"wp:term":[{"taxonomy":"category","embeddable":true,"href":"https:\/\/www.caririemacao.com\/1\/wp-json\/wp\/v2\/categories?post=141698"},{"taxonomy":"post_tag","embeddable":true,"href":"https:\/\/www.caririemacao.com\/1\/wp-json\/wp\/v2\/tags?post=141698"}],"curies":[{"name":"wp","href":"https:\/\/api.w.org\/{rel}","templated":true}]}}