{"id":141702,"date":"2019-12-19T09:42:43","date_gmt":"2019-12-19T12:42:43","guid":{"rendered":"http:\/\/www.caririemacao.com\/1\/?p=141702"},"modified":"2019-12-19T09:42:43","modified_gmt":"2019-12-19T12:42:43","slug":"em-ato-no-rio-de-janeiro-lula-diz-que-tem-certeza-da-inocencia-de-ricardo-coutinho","status":"publish","type":"post","link":"https:\/\/www.caririemacao.com\/1\/2019\/12\/19\/em-ato-no-rio-de-janeiro-lula-diz-que-tem-certeza-da-inocencia-de-ricardo-coutinho\/","title":{"rendered":"Em ato no Rio de Janeiro, Lula diz que tem certeza da inoc\u00eancia de Ricardo Coutinho"},"content":{"rendered":"\n<p>O ex-presidente Lula participou de&nbsp;um evento nesta quarta-feira (18), no Circo Voador, no Rio de Janeiro. Na ocasi\u00e3o, o ex-presidente prestou solidariedade ao ex-governador da Para\u00edba, Ricardo Coutinho, que teve pris\u00e3o preventiva decretada na ter\u00e7a (17), durante a Opera\u00e7\u00e3o Calv\u00e1rio.&nbsp;<\/p>\n\n\n\n<p>No discurso, Lula disse que acredita na inoc\u00eancia de Ricardo e que a Justi\u00e7a precisa provar que ele \u00e9 culpado atrav\u00e9s de provas e n\u00e3o por uma dela\u00e7\u00e3o.<\/p>\n\n\n\n<figure><iframe data-src=\"https:\/\/www.youtube.com\/embed\/HNK8pTAEdeI\" allowfullscreen=\"\" src=\"data:image\/svg+xml;base64,PHN2ZyB3aWR0aD0iMSIgaGVpZ2h0PSIxIiB4bWxucz0iaHR0cDovL3d3dy53My5vcmcvMjAwMC9zdmciPjwvc3ZnPg==\" class=\"lazyload\" data-load-mode=\"1\"><\/iframe><\/figure>\n\n\n\n<p>\u201cQuero prestar solidariedade a um companheiro que ontem foi denunciado e dado ordem de pris\u00e3o contra ele, que \u00e9 o nosso companheiro ex-governador da Para\u00edba, Ricardo Coutinho. Ele foi acusado por uma dela\u00e7\u00e3o, at\u00e9 que se prove o contr\u00e1rio tenho certeza que ele \u00e9 inocente\u201d, disse Lula.&nbsp;<br><\/p>\n\n\n\n<p>Lula ainda disse que n\u00e3o precisava comunicar a Interpol, que esperasse Ricardo chegar ao Brasil e fazer um julgamento decente e justo e se caso provar a acusa\u00e7\u00e3o que seja preso.&nbsp;<\/p>\n\n\n\n<p>&#8220;Deveria esperar ele voltar para o Brasil e&nbsp;fazer um processo justo, n\u00e3o \u00e9 correto o que fizeram com ele&#8221;, completou Lula.&nbsp;<\/p>\n\n\n\n<p>Participaram do ato Fernando Haddad, Gleisi Hoffmann e Dilma Rousseff.&nbsp;<\/p>\n","protected":false},"excerpt":{"rendered":"<p>O ex-presidente Lula participou de&nbsp;um evento nesta quarta-feira (18), no Circo Voador, no Rio de Janeiro. Na ocasi\u00e3o, o ex-presidente prestou solidariedade ao ex-governador da&hellip; <\/p>\n","protected":false},"author":1,"featured_media":141703,"comment_status":"closed","ping_status":"closed","sticky":false,"template":"","format":"standard","meta":{"sfsi_plus_gutenberg_text_before_share":"","sfsi_plus_gutenberg_show_text_before_share":"","sfsi_plus_gutenberg_icon_type":"","sfsi_plus_gutenberg_icon_alignemt":"","sfsi_plus_gutenburg_max_per_row":"","footnotes":""},"categories":[11],"tags":[],"class_list":["post-141702","post","type-post","status-publish","format-standard","has-post-thumbnail","hentry","category-politica"],"_links":{"self":[{"href":"https:\/\/www.caririemacao.com\/1\/wp-json\/wp\/v2\/posts\/141702","targetHints":{"allow":["GET"]}}],"collection":[{"href":"https:\/\/www.caririemacao.com\/1\/wp-json\/wp\/v2\/posts"}],"about":[{"href":"https:\/\/www.caririemacao.com\/1\/wp-json\/wp\/v2\/types\/post"}],"author":[{"embeddable":true,"href":"https:\/\/www.caririemacao.com\/1\/wp-json\/wp\/v2\/users\/1"}],"replies":[{"embeddable":true,"href":"https:\/\/www.caririemacao.com\/1\/wp-json\/wp\/v2\/comments?post=141702"}],"version-history":[{"count":1,"href":"https:\/\/www.caririemacao.com\/1\/wp-json\/wp\/v2\/posts\/141702\/revisions"}],"predecessor-version":[{"id":141704,"href":"https:\/\/www.caririemacao.com\/1\/wp-json\/wp\/v2\/posts\/141702\/revisions\/141704"}],"wp:featuredmedia":[{"embeddable":true,"href":"https:\/\/www.caririemacao.com\/1\/wp-json\/wp\/v2\/media\/141703"}],"wp:attachment":[{"href":"https:\/\/www.caririemacao.com\/1\/wp-json\/wp\/v2\/media?parent=141702"}],"wp:term":[{"taxonomy":"category","embeddable":true,"href":"https:\/\/www.caririemacao.com\/1\/wp-json\/wp\/v2\/categories?post=141702"},{"taxonomy":"post_tag","embeddable":true,"href":"https:\/\/www.caririemacao.com\/1\/wp-json\/wp\/v2\/tags?post=141702"}],"curies":[{"name":"wp","href":"https:\/\/api.w.org\/{rel}","templated":true}]}}