{"id":141715,"date":"2019-12-19T10:00:06","date_gmt":"2019-12-19T13:00:06","guid":{"rendered":"http:\/\/www.caririemacao.com\/1\/?p=141715"},"modified":"2019-12-19T10:00:06","modified_gmt":"2019-12-19T13:00:06","slug":"concelheiros-do-tce-deixaram-de-coibir-corrupcao-diz-ministro-do-stj","status":"publish","type":"post","link":"https:\/\/www.caririemacao.com\/1\/2019\/12\/19\/concelheiros-do-tce-deixaram-de-coibir-corrupcao-diz-ministro-do-stj\/","title":{"rendered":"Concelheiros do TCE \u2018deixaram de coibir\u2019 corrup\u00e7\u00e3o, diz ministro do STJ"},"content":{"rendered":"\n<p> O ministro Francisco Falc\u00e3o, do Superior Tribunal de Justi\u00e7a (STJ), justificou a decis\u00e3o de afastar, por 120 dias, os conselheiros Nominando Diniz e Arthur Cunha Lima, do Tribunal de Contas do Estado, envolvidos na s\u00e9tima fase da Opera\u00e7\u00e3o Calv\u00e1rio, como medida de preservar as investiga\u00e7\u00f5es que apontam para desvios de at\u00e9 R$ 134 milh\u00f5es na Sa\u00fade da Para\u00edba.<\/p>\n\n\n\n<p>Segundo o ministro, as investiga\u00e7\u00f5es \u201capresentaram ind\u00edcios concretos da pr\u00e1tica do crime de corrup\u00e7\u00e3o no exerc\u00edcio da fun\u00e7\u00e3o pelos conselheiros\u201d.<\/p>\n\n\n\n<p>\u201cN\u00e3o se pode afastar ainda a hip\u00f3tese de que, permanecendo nos cargos, os investigados possam interferir nas apura\u00e7\u00f5es, mediante a destrui\u00e7\u00e3o\/oculta\u00e7\u00e3o de provas, influenciando ou intimidando poss\u00edveis testemunhas com conhecimento dos fatos apurados\u201d, assinalou o ministro.<\/p>\n\n\n\n<p><a href=\"https:\/\/www.maispb.com.br\/434005\/conselheiros-do-tce-afirmam-desconhecer-motivos-de-serem-alvos-na-calvario.html\"><strong>+ Conselheiros alegam desconhecer motivos de opera\u00e7\u00e3o<\/strong><\/a><\/p>\n\n\n\n<p>Na decis\u00e3o, Francisco Falc\u00e3o frisa ainda que \u201cos conselheiros do Tribunal de Contas deixaram de cumprir sua fun\u00e7\u00e3o institucional de coibir os atos de improbidade administrativa e malversa\u00e7\u00e3o de recursos p\u00fablicos em uma \u00e1rea t\u00e3o carente como \u00e9 a sa\u00fade\u201d.<\/p>\n\n\n\n<p>O afastamento de Nominando Diniz e Arthur Cunha Lima \u00e9 um pedido da Procuradoria-Geral da Rep\u00fablica.<\/p>\n\n\n\n<p>As investiga\u00e7\u00f5es apontaram que a organiza\u00e7\u00e3o criminosa chefiada pelo ex-governador Ricardo Coutinho (PSB) contava com o apoio de \u2018parcela veemente dos conselheiros do Tribunal de Contas da Para\u00edba (TCE-PB), no sentido de encobrir, ocultar e, em determinadas situa\u00e7\u00f5es, potencializar as condutas delituosas, exercendo, segundo o Parquet, \u2018papel central\u2019 no \u2018modelo de neg\u00f3cio\u2019 da empresa criminosa\u2019.<\/p>\n","protected":false},"excerpt":{"rendered":"<p>O ministro Francisco Falc\u00e3o, do Superior Tribunal de Justi\u00e7a (STJ), justificou a decis\u00e3o de afastar, por 120 dias, os conselheiros Nominando Diniz e Arthur Cunha&hellip; <\/p>\n","protected":false},"author":1,"featured_media":141716,"comment_status":"closed","ping_status":"closed","sticky":false,"template":"","format":"standard","meta":{"sfsi_plus_gutenberg_text_before_share":"","sfsi_plus_gutenberg_show_text_before_share":"","sfsi_plus_gutenberg_icon_type":"","sfsi_plus_gutenberg_icon_alignemt":"","sfsi_plus_gutenburg_max_per_row":"","footnotes":""},"categories":[2],"tags":[],"class_list":["post-141715","post","type-post","status-publish","format-standard","has-post-thumbnail","hentry","category-geral"],"_links":{"self":[{"href":"https:\/\/www.caririemacao.com\/1\/wp-json\/wp\/v2\/posts\/141715","targetHints":{"allow":["GET"]}}],"collection":[{"href":"https:\/\/www.caririemacao.com\/1\/wp-json\/wp\/v2\/posts"}],"about":[{"href":"https:\/\/www.caririemacao.com\/1\/wp-json\/wp\/v2\/types\/post"}],"author":[{"embeddable":true,"href":"https:\/\/www.caririemacao.com\/1\/wp-json\/wp\/v2\/users\/1"}],"replies":[{"embeddable":true,"href":"https:\/\/www.caririemacao.com\/1\/wp-json\/wp\/v2\/comments?post=141715"}],"version-history":[{"count":1,"href":"https:\/\/www.caririemacao.com\/1\/wp-json\/wp\/v2\/posts\/141715\/revisions"}],"predecessor-version":[{"id":141717,"href":"https:\/\/www.caririemacao.com\/1\/wp-json\/wp\/v2\/posts\/141715\/revisions\/141717"}],"wp:featuredmedia":[{"embeddable":true,"href":"https:\/\/www.caririemacao.com\/1\/wp-json\/wp\/v2\/media\/141716"}],"wp:attachment":[{"href":"https:\/\/www.caririemacao.com\/1\/wp-json\/wp\/v2\/media?parent=141715"}],"wp:term":[{"taxonomy":"category","embeddable":true,"href":"https:\/\/www.caririemacao.com\/1\/wp-json\/wp\/v2\/categories?post=141715"},{"taxonomy":"post_tag","embeddable":true,"href":"https:\/\/www.caririemacao.com\/1\/wp-json\/wp\/v2\/tags?post=141715"}],"curies":[{"name":"wp","href":"https:\/\/api.w.org\/{rel}","templated":true}]}}