{"id":141740,"date":"2019-12-19T10:52:11","date_gmt":"2019-12-19T13:52:11","guid":{"rendered":"http:\/\/www.caririemacao.com\/1\/?p=141740"},"modified":"2019-12-19T10:52:11","modified_gmt":"2019-12-19T13:52:11","slug":"colunista-da-veja-revela-felicidade-de-sergio-moro-com-a-deflagracao-da-operacao-calvario","status":"publish","type":"post","link":"https:\/\/www.caririemacao.com\/1\/2019\/12\/19\/colunista-da-veja-revela-felicidade-de-sergio-moro-com-a-deflagracao-da-operacao-calvario\/","title":{"rendered":"Colunista da Veja revela felicidade de S\u00e9rgio Moro com a deflagra\u00e7\u00e3o da Opera\u00e7\u00e3o Calv\u00e1rio"},"content":{"rendered":"\n<p>A coluna Radar, da Revista Veja, apontou nesta quarta-feira (18) que o ministro S\u00e9rgio Moro ficou bastante feliz com o resultado da Opera\u00e7\u00e3o Calv\u00e1rio, que foi deflagrada na \u00faltima ter\u00e7a-feira (17).&nbsp;<\/p>\n\n\n\n<p>Ainda ontem, atrav\u00e9s de suas redes sociais, o ministro da Justi\u00e7a e da Seguran\u00e7a P\u00fablica chegou a comemorar a pris\u00e3o do l\u00edder da Fam\u00edlia do Norte, fac\u00e7\u00e3o criminosa que atuava em pres\u00eddios do Amazonas. Apesar de S\u00e9rgio Moro n\u00e3o ter tocado no assunto da Opera\u00e7\u00e3o Calv\u00e1rio em suas redes sociais, ele teria demonstrado satisfa\u00e7\u00e3o pela deflagra\u00e7\u00e3o da a\u00e7\u00e3o policial.<\/p>\n\n\n\n<p><a href=\"https:\/\/veja.abril.com.br\/blog\/radar\/a-felicidade-de-moro-com-a-operacao-da-pf-na-paraiba\/\">Confira a coluna Radar<\/a><br><\/p>\n\n\n\n<p>\u201cMas quem conhece ele diz que, feliz mesmo, Moro ficou com a opera\u00e7\u00e3o da Pol\u00edcia Federal que desmontou o esquema de corrup\u00e7\u00e3o na Para\u00edba. O ministro n\u00e3o fala, claro, mas pris\u00e3o de corrupto alegra tanto quanto pris\u00e3o de criminoso de fac\u00e7\u00e3o\u201d, relata a coluna.<\/p>\n\n\n\n<p>A Opera\u00e7\u00e3o Calv\u00e1rio foi deflagrada na \u00faltima ter\u00e7a-feira (17) pela Pol\u00edcia Federal, Controladoria Geral da Uni\u00e3o (CGU) e Gaeco. Foram expedidos mandados de pris\u00e3o preventiva contra o ex-governador Ricardo Coutinho, a deputada estadual Estela Bezerra, a prefeita de Conde, M\u00e1rcia Lucena e outras pessoas investigadas como integrantes de uma organiza\u00e7\u00e3o criminosa respons\u00e1vel por desvios de dinheiro p\u00fablico a partir da contrata\u00e7\u00e3o de Organiza\u00e7\u00f5es Sociais na Sa\u00fade.<\/p>\n","protected":false},"excerpt":{"rendered":"<p>A coluna Radar, da Revista Veja, apontou nesta quarta-feira (18) que o ministro S\u00e9rgio Moro ficou bastante feliz com o resultado da Opera\u00e7\u00e3o Calv\u00e1rio, que&hellip; <\/p>\n","protected":false},"author":1,"featured_media":129667,"comment_status":"closed","ping_status":"closed","sticky":false,"template":"","format":"standard","meta":{"sfsi_plus_gutenberg_text_before_share":"","sfsi_plus_gutenberg_show_text_before_share":"","sfsi_plus_gutenberg_icon_type":"","sfsi_plus_gutenberg_icon_alignemt":"","sfsi_plus_gutenburg_max_per_row":"","footnotes":""},"categories":[11],"tags":[],"class_list":["post-141740","post","type-post","status-publish","format-standard","has-post-thumbnail","hentry","category-politica"],"_links":{"self":[{"href":"https:\/\/www.caririemacao.com\/1\/wp-json\/wp\/v2\/posts\/141740","targetHints":{"allow":["GET"]}}],"collection":[{"href":"https:\/\/www.caririemacao.com\/1\/wp-json\/wp\/v2\/posts"}],"about":[{"href":"https:\/\/www.caririemacao.com\/1\/wp-json\/wp\/v2\/types\/post"}],"author":[{"embeddable":true,"href":"https:\/\/www.caririemacao.com\/1\/wp-json\/wp\/v2\/users\/1"}],"replies":[{"embeddable":true,"href":"https:\/\/www.caririemacao.com\/1\/wp-json\/wp\/v2\/comments?post=141740"}],"version-history":[{"count":1,"href":"https:\/\/www.caririemacao.com\/1\/wp-json\/wp\/v2\/posts\/141740\/revisions"}],"predecessor-version":[{"id":141741,"href":"https:\/\/www.caririemacao.com\/1\/wp-json\/wp\/v2\/posts\/141740\/revisions\/141741"}],"wp:featuredmedia":[{"embeddable":true,"href":"https:\/\/www.caririemacao.com\/1\/wp-json\/wp\/v2\/media\/129667"}],"wp:attachment":[{"href":"https:\/\/www.caririemacao.com\/1\/wp-json\/wp\/v2\/media?parent=141740"}],"wp:term":[{"taxonomy":"category","embeddable":true,"href":"https:\/\/www.caririemacao.com\/1\/wp-json\/wp\/v2\/categories?post=141740"},{"taxonomy":"post_tag","embeddable":true,"href":"https:\/\/www.caririemacao.com\/1\/wp-json\/wp\/v2\/tags?post=141740"}],"curies":[{"name":"wp","href":"https:\/\/api.w.org\/{rel}","templated":true}]}}