{"id":141745,"date":"2019-12-19T10:55:00","date_gmt":"2019-12-19T13:55:00","guid":{"rendered":"http:\/\/www.caririemacao.com\/1\/?p=141745"},"modified":"2019-12-19T10:55:00","modified_gmt":"2019-12-19T13:55:00","slug":"joao-azevedo-sanciona-lei-para-criacao-de-cadastro-estadual-de-pedofilos","status":"publish","type":"post","link":"https:\/\/www.caririemacao.com\/1\/2019\/12\/19\/joao-azevedo-sanciona-lei-para-criacao-de-cadastro-estadual-de-pedofilos\/","title":{"rendered":"Jo\u00e3o Azev\u00eado sanciona Lei para cria\u00e7\u00e3o de Cadastro Estadual de Ped\u00f3filos"},"content":{"rendered":"\n<p> O governador da Para\u00edba, Jo\u00e3o Azev\u00eado sancionou a Lei 11.586 que determina a cria\u00e7\u00e3o de um Cadastro\u00a0Estadual de Ped\u00f3filos. A lei de autoria da deputada Camila Toscano, foi publicada no\u00a0Di\u00e1rio Oficial do Estado desta quinta-feira (19).\u00a0<\/p>\n\n\n\n<figure class=\"wp-block-image\"><img decoding=\"async\" data-src=\"https:\/\/www.clickpb.com.br\/media\/filer_public\/91\/de\/91de080d-7482-4168-968f-a632dbb9742b\/cadastro_pedofilos.jpg\" alt=\"\" src=\"data:image\/svg+xml;base64,PHN2ZyB3aWR0aD0iMSIgaGVpZ2h0PSIxIiB4bWxucz0iaHR0cDovL3d3dy53My5vcmcvMjAwMC9zdmciPjwvc3ZnPg==\" class=\"lazyload\" \/><\/figure>\n\n\n\n<figure class=\"wp-block-image\"><img decoding=\"async\" data-src=\"https:\/\/www.clickpb.com.br\/media\/filer_public\/d3\/1b\/d31bc17f-a204-4cd7-989a-555671b25631\/cadastro_pedofilos_2.jpg\" alt=\"\" src=\"data:image\/svg+xml;base64,PHN2ZyB3aWR0aD0iMSIgaGVpZ2h0PSIxIiB4bWxucz0iaHR0cDovL3d3dy53My5vcmcvMjAwMC9zdmciPjwvc3ZnPg==\" class=\"lazyload\" \/><\/figure>\n\n\n\n<p>A lei diz que as pessoas que cometerem crime de pedofilia ser\u00e3o inclu\u00eddas no cadastro e ficar\u00e3o impedidas de prestar concurso p\u00fablico nas \u00e1reas de Sa\u00fade e Educa\u00e7\u00e3o do Estado, conforme a propositura. O cadastro ficar\u00e1 sob a responsabilidade da secretaria estadual de Seguran\u00e7a e Defesa Social. A Lei restringe a disponibiliza\u00e7\u00e3o de informa\u00e7\u00f5es relativas aos condenados ou em tr\u00e2nsito em julgado.<br><\/p>\n\n\n\n<p>\u201cA cria\u00e7\u00e3o de um banco de dados contendo informa\u00e7\u00f5es relevantes sobre os ped\u00f3filos vai agilizar a atua\u00e7\u00e3o das autoridades e facilitar a troca de informa\u00e7\u00f5es com outros estados. O cadastro tamb\u00e9m ser\u00e1 uma forma de consulta para que os familiares e entidades defensoras da inf\u00e2ncia e juventude possam ter \u00e1 disposi\u00e7\u00e3o para prote\u00e7\u00e3o dessas pessoas indefesas e que n\u00e3o podem carregar esse trauma pelo resto da vida\u201d, explicou Camila Toscano.<br><\/p>\n\n\n\n<p>Dados do Disque 100 mostram que, s\u00f3 no ano passado, foram registradas um total de 17.093 den\u00fancias de viol\u00eancia sexual contra menores de idade. A maior parte delas \u00e9 de abuso sexual (13.418 casos), mas h\u00e1 den\u00fancias tamb\u00e9m de explora\u00e7\u00e3o sexual (3.675). S\u00f3 nos primeiros meses deste ano, o governo federal registrou 4,7 mil novas den\u00fancias. Os n\u00fameros mostram que mais de 70% dos casos de abuso e explora\u00e7\u00e3o sexual de crian\u00e7as e adolescentes s\u00e3o praticados por pais, m\u00e3es, padrastos ou outros parentes das v\u00edtimas. Em mais de 70% dos registros, a viol\u00eancia foi cometida na casa do abusador ou da v\u00edtima.&nbsp;<\/p>\n","protected":false},"excerpt":{"rendered":"<p>O governador da Para\u00edba, Jo\u00e3o Azev\u00eado sancionou a Lei 11.586 que determina a cria\u00e7\u00e3o de um Cadastro\u00a0Estadual de Ped\u00f3filos. A lei de autoria da deputada&hellip; <\/p>\n","protected":false},"author":1,"featured_media":4555,"comment_status":"closed","ping_status":"closed","sticky":false,"template":"","format":"standard","meta":{"sfsi_plus_gutenberg_text_before_share":"","sfsi_plus_gutenberg_show_text_before_share":"","sfsi_plus_gutenberg_icon_type":"","sfsi_plus_gutenberg_icon_alignemt":"","sfsi_plus_gutenburg_max_per_row":"","footnotes":""},"categories":[11],"tags":[],"class_list":["post-141745","post","type-post","status-publish","format-standard","has-post-thumbnail","hentry","category-politica"],"_links":{"self":[{"href":"https:\/\/www.caririemacao.com\/1\/wp-json\/wp\/v2\/posts\/141745","targetHints":{"allow":["GET"]}}],"collection":[{"href":"https:\/\/www.caririemacao.com\/1\/wp-json\/wp\/v2\/posts"}],"about":[{"href":"https:\/\/www.caririemacao.com\/1\/wp-json\/wp\/v2\/types\/post"}],"author":[{"embeddable":true,"href":"https:\/\/www.caririemacao.com\/1\/wp-json\/wp\/v2\/users\/1"}],"replies":[{"embeddable":true,"href":"https:\/\/www.caririemacao.com\/1\/wp-json\/wp\/v2\/comments?post=141745"}],"version-history":[{"count":1,"href":"https:\/\/www.caririemacao.com\/1\/wp-json\/wp\/v2\/posts\/141745\/revisions"}],"predecessor-version":[{"id":141746,"href":"https:\/\/www.caririemacao.com\/1\/wp-json\/wp\/v2\/posts\/141745\/revisions\/141746"}],"wp:featuredmedia":[{"embeddable":true,"href":"https:\/\/www.caririemacao.com\/1\/wp-json\/wp\/v2\/media\/4555"}],"wp:attachment":[{"href":"https:\/\/www.caririemacao.com\/1\/wp-json\/wp\/v2\/media?parent=141745"}],"wp:term":[{"taxonomy":"category","embeddable":true,"href":"https:\/\/www.caririemacao.com\/1\/wp-json\/wp\/v2\/categories?post=141745"},{"taxonomy":"post_tag","embeddable":true,"href":"https:\/\/www.caririemacao.com\/1\/wp-json\/wp\/v2\/tags?post=141745"}],"curies":[{"name":"wp","href":"https:\/\/api.w.org\/{rel}","templated":true}]}}