{"id":141752,"date":"2019-12-19T11:37:22","date_gmt":"2019-12-19T14:37:22","guid":{"rendered":"http:\/\/www.caririemacao.com\/1\/?p=141752"},"modified":"2019-12-19T11:37:22","modified_gmt":"2019-12-19T14:37:22","slug":"bolsonaro-chama-de-pequenos-problemas-suspeitas-sobre-filho-flavio","status":"publish","type":"post","link":"https:\/\/www.caririemacao.com\/1\/2019\/12\/19\/bolsonaro-chama-de-pequenos-problemas-suspeitas-sobre-filho-flavio\/","title":{"rendered":"Bolsonaro chama de &#8216;pequenos problemas&#8217; suspeitas sobre filho Fl\u00e1vio"},"content":{"rendered":"\n<p>&nbsp;No dia seguinte \u00e0 opera\u00e7\u00e3o do Minist\u00e9rio P\u00fablico Federal do Rio de Janeiro, o presidente Jair Bolsonaro (sem partido) minimizou nesta quinta-feira (19) as buscas e apreens\u00f5es envolvendo o seu primog\u00eanito, o senador Fl\u00e1vio Bolsonaro (sem partido-RJ).<\/p>\n\n\n\n<p>Na entrada do Pal\u00e1cio do Alvorada, onde parou para cumprimentar um grupo de eleitores, ele inicialmente se negou a comentar o epis\u00f3dio. Depois, disse que o Brasil &#8220;\u00e9 muito maior do que pequenos problemas&#8221;.<\/p>\n\n\n\n<p>&#8220;O Brasil \u00e9 muito maior do que pequenos problemas. Eu falo por mim. Problemas meus podem perguntar que eu respondo. Dos outros, n\u00e3o tenho nada a ver com isso&#8221;, disse Bolsonaro, recomendando que a imprensa procure o advogado do filho.<\/p>\n\n\n\n<p>Diante da insist\u00eancia dos jornalistas, o presidente citou investiga\u00e7\u00f5es e apura\u00e7\u00f5es contra ele que, na opini\u00e3o dele, foram injustas. Ele lembrou, por exemplo, quando foi acusado de racismo, inqu\u00e9rito que acabou arquivado pelo STF (Supremo Tribunal Federal).<\/p>\n\n\n\n<p>E ressaltou depoimento citando seu nome que fazia parte do inqu\u00e9rito da Pol\u00edcia Civil do Rio de Janeiro sobre a morte da vereadora Marielle Franco (PSOL). O porteiro do condom\u00ednio do presidente, que havia feito refer\u00eancia a seu nome, depois corrigiu o depoimento.<\/p>\n\n\n\n<p>O presidente foi, ent\u00e3o, perguntado se insinuava que o Minist\u00e9rio P\u00fablico estava perseguindo Fl\u00e1vio. Como resposta, citou o governador do Rio de Janeiro, Wilson Witzel, seu advers\u00e1rio pol\u00edtico. Segundo ele, uma grava\u00e7\u00e3o, identificada pela intelig\u00eancia do governo, tentou relacion\u00e1-lo a atividades de mil\u00edcias. Bolsonaro n\u00e3o explicou, no entanto, sobre que \u00e1udio fazia refer\u00eancia.<\/p>\n\n\n\n<p>&#8220;Voc\u00eas sabem o caso Witzel, que foi amplamente divulgado. A intelig\u00eancia levantou. J\u00e1 foram gravadas conversas de dois marginais usando meu nome para dizer que sou miliciano&#8221;, disse.<\/p>\n\n\n\n<p>O policial militar aposentado Fabr\u00edcio Queiroz, ex-assessor do senador, foi alvo na manh\u00e3 de quarta-feira (18) de opera\u00e7\u00e3o comandada pelo Minist\u00e9rio P\u00fablico. Queiroz \u00e9 piv\u00f4 de uma investiga\u00e7\u00e3o que tem como alvo o senador e outras 101 pessoas f\u00edsicas e jur\u00eddicas, que tiveram os sigilos banc\u00e1rio e fiscal quebrados.<\/p>\n\n\n\n<p>A Promotoria suspeita de um esquema conhecido como &#8220;rachadinha&#8221; no gabinete de Fl\u00e1vio na Assembleia Legislativa do Rio de Janeiro no per\u00edodo em que foi deputado estadual e manteve Queiroz como seu empregado (2007-2018).<\/p>\n\n\n\n<p>A pr\u00e1tica consiste em coagir servidores a devolver parte do sal\u00e1rio para os deputados. Est\u00e3o sendo investigados crimes de peculato, lavagem de dinheiro, oculta\u00e7\u00e3o de patrim\u00f4nio e organiza\u00e7\u00e3o criminosa.<\/p>\n\n\n\n<p>Nas \u00faltimas semanas, deputados e senadores que conversaram com o presidente relataram \u00e0 Folha que ele demonstrava sinais de abatimento com o receio de que a investiga\u00e7\u00e3o contra o seu filho mais velho tivesse novas reviravoltas.&nbsp;<\/p>\n\n\n\n<p>O assunto, segundo eles, era o que mais incomodava Bolsonaro neste final de ano. Nas palavras de um aliado do presidente, desde o final de novembro, Bolsonaro temia uma possibilidade de pris\u00e3o e &#8220;de cada dez assuntos que discutia, dois se referiam \u00e0 situa\u00e7\u00e3o do filho&#8221;.<br><\/p>\n","protected":false},"excerpt":{"rendered":"<p>&nbsp;No dia seguinte \u00e0 opera\u00e7\u00e3o do Minist\u00e9rio P\u00fablico Federal do Rio de Janeiro, o presidente Jair Bolsonaro (sem partido) minimizou nesta quinta-feira (19) as buscas&hellip; <\/p>\n","protected":false},"author":1,"featured_media":132568,"comment_status":"closed","ping_status":"closed","sticky":false,"template":"","format":"standard","meta":{"sfsi_plus_gutenberg_text_before_share":"","sfsi_plus_gutenberg_show_text_before_share":"","sfsi_plus_gutenberg_icon_type":"","sfsi_plus_gutenberg_icon_alignemt":"","sfsi_plus_gutenburg_max_per_row":"","footnotes":""},"categories":[50,11],"tags":[],"class_list":["post-141752","post","type-post","status-publish","format-standard","has-post-thumbnail","hentry","category-destaque","category-politica"],"_links":{"self":[{"href":"https:\/\/www.caririemacao.com\/1\/wp-json\/wp\/v2\/posts\/141752","targetHints":{"allow":["GET"]}}],"collection":[{"href":"https:\/\/www.caririemacao.com\/1\/wp-json\/wp\/v2\/posts"}],"about":[{"href":"https:\/\/www.caririemacao.com\/1\/wp-json\/wp\/v2\/types\/post"}],"author":[{"embeddable":true,"href":"https:\/\/www.caririemacao.com\/1\/wp-json\/wp\/v2\/users\/1"}],"replies":[{"embeddable":true,"href":"https:\/\/www.caririemacao.com\/1\/wp-json\/wp\/v2\/comments?post=141752"}],"version-history":[{"count":1,"href":"https:\/\/www.caririemacao.com\/1\/wp-json\/wp\/v2\/posts\/141752\/revisions"}],"predecessor-version":[{"id":141753,"href":"https:\/\/www.caririemacao.com\/1\/wp-json\/wp\/v2\/posts\/141752\/revisions\/141753"}],"wp:featuredmedia":[{"embeddable":true,"href":"https:\/\/www.caririemacao.com\/1\/wp-json\/wp\/v2\/media\/132568"}],"wp:attachment":[{"href":"https:\/\/www.caririemacao.com\/1\/wp-json\/wp\/v2\/media?parent=141752"}],"wp:term":[{"taxonomy":"category","embeddable":true,"href":"https:\/\/www.caririemacao.com\/1\/wp-json\/wp\/v2\/categories?post=141752"},{"taxonomy":"post_tag","embeddable":true,"href":"https:\/\/www.caririemacao.com\/1\/wp-json\/wp\/v2\/tags?post=141752"}],"curies":[{"name":"wp","href":"https:\/\/api.w.org\/{rel}","templated":true}]}}