{"id":141762,"date":"2019-12-19T11:43:46","date_gmt":"2019-12-19T14:43:46","guid":{"rendered":"http:\/\/www.caririemacao.com\/1\/?p=141762"},"modified":"2019-12-19T11:43:46","modified_gmt":"2019-12-19T14:43:46","slug":"bolsonaro-diz-que-tendencia-e-a-de-vetar-fundo-eleitoral","status":"publish","type":"post","link":"https:\/\/www.caririemacao.com\/1\/2019\/12\/19\/bolsonaro-diz-que-tendencia-e-a-de-vetar-fundo-eleitoral\/","title":{"rendered":"Bolsonaro diz que tend\u00eancia \u00e9 a de vetar fundo eleitoral"},"content":{"rendered":"\n<p>O presidente Jair Bolsonaro disse, hoje (19), que havendo brecha legal vai vetar, no Or\u00e7amento de 2020, os R$ 2 bilh\u00f5es aprovados pelo Congresso Nacional para o fundo eleitoral. Criado em 2017, em decorr\u00eancia da proibi\u00e7\u00e3o de empresas fazerem doa\u00e7\u00f5es para campanhas pol\u00edticas, o fundo eleitoral prev\u00ea o uso de dinheiro p\u00fablico para esse fim.<\/p>\n\n\n\n<p>\u201cEm havendo brecha vou vetar, porque n\u00e3o \u00e9 justo esse dinheiro para campanha. O dinheiro vai para quem? Para manter no poder quem j\u00e1 est\u00e1. Dificilmente vai para um jovem candidato. A campanha tem de ser feita em condi\u00e7\u00e3o de igualdade\u201d, disse o presidente ao deixar o Pal\u00e1cio do Alvorada nesta manh\u00e3.<\/p>\n\n\n\n<p>Segundo Bolsonaro, esses valores seriam melhor utilizado em \u00e1reas como a de infraestrutura. \u201cA tend\u00eancia \u00e9 vetar. N\u00e3o quero afrontar o Parlamento, mas pelo amor de Deus! D\u00e1 R$ 2 bilh\u00f5es para o Tarc\u00edsio [Gomes de Freitas, ministro da Infraestrutura] e v\u00ea o que ele faz para o Brasil\u201d, disse o presidente.<\/p>\n","protected":false},"excerpt":{"rendered":"<p>O presidente Jair Bolsonaro disse, hoje (19), que havendo brecha legal vai vetar, no Or\u00e7amento de 2020, os R$ 2 bilh\u00f5es aprovados pelo Congresso Nacional&hellip; <\/p>\n","protected":false},"author":1,"featured_media":131966,"comment_status":"closed","ping_status":"closed","sticky":false,"template":"","format":"standard","meta":{"sfsi_plus_gutenberg_text_before_share":"","sfsi_plus_gutenberg_show_text_before_share":"","sfsi_plus_gutenberg_icon_type":"","sfsi_plus_gutenberg_icon_alignemt":"","sfsi_plus_gutenburg_max_per_row":"","footnotes":""},"categories":[11],"tags":[],"class_list":["post-141762","post","type-post","status-publish","format-standard","has-post-thumbnail","hentry","category-politica"],"_links":{"self":[{"href":"https:\/\/www.caririemacao.com\/1\/wp-json\/wp\/v2\/posts\/141762","targetHints":{"allow":["GET"]}}],"collection":[{"href":"https:\/\/www.caririemacao.com\/1\/wp-json\/wp\/v2\/posts"}],"about":[{"href":"https:\/\/www.caririemacao.com\/1\/wp-json\/wp\/v2\/types\/post"}],"author":[{"embeddable":true,"href":"https:\/\/www.caririemacao.com\/1\/wp-json\/wp\/v2\/users\/1"}],"replies":[{"embeddable":true,"href":"https:\/\/www.caririemacao.com\/1\/wp-json\/wp\/v2\/comments?post=141762"}],"version-history":[{"count":1,"href":"https:\/\/www.caririemacao.com\/1\/wp-json\/wp\/v2\/posts\/141762\/revisions"}],"predecessor-version":[{"id":141763,"href":"https:\/\/www.caririemacao.com\/1\/wp-json\/wp\/v2\/posts\/141762\/revisions\/141763"}],"wp:featuredmedia":[{"embeddable":true,"href":"https:\/\/www.caririemacao.com\/1\/wp-json\/wp\/v2\/media\/131966"}],"wp:attachment":[{"href":"https:\/\/www.caririemacao.com\/1\/wp-json\/wp\/v2\/media?parent=141762"}],"wp:term":[{"taxonomy":"category","embeddable":true,"href":"https:\/\/www.caririemacao.com\/1\/wp-json\/wp\/v2\/categories?post=141762"},{"taxonomy":"post_tag","embeddable":true,"href":"https:\/\/www.caririemacao.com\/1\/wp-json\/wp\/v2\/tags?post=141762"}],"curies":[{"name":"wp","href":"https:\/\/api.w.org\/{rel}","templated":true}]}}