{"id":141768,"date":"2019-12-19T12:14:52","date_gmt":"2019-12-19T15:14:52","guid":{"rendered":"http:\/\/www.caririemacao.com\/1\/?p=141768"},"modified":"2019-12-19T12:14:52","modified_gmt":"2019-12-19T15:14:52","slug":"ministerio-da-saude-antecipa-renovacao-de-frota-do-samu-e-dois-municipios-do-cariri-receberao-novos-veiculos","status":"publish","type":"post","link":"https:\/\/www.caririemacao.com\/1\/2019\/12\/19\/ministerio-da-saude-antecipa-renovacao-de-frota-do-samu-e-dois-municipios-do-cariri-receberao-novos-veiculos\/","title":{"rendered":"Minist\u00e9rio da Sa\u00fade antecipa renova\u00e7\u00e3o de frota do SAMU e dois munic\u00edpios do Cariri receber\u00e3o novos ve\u00edculos"},"content":{"rendered":"\n<p>Pelo menos 15 munic\u00edpios paraibanos ter\u00e3o a frota do Servi\u00e7o de Atendimento M\u00f3vel de Urg\u00eancia (SAMU 192) renovadas pelo governo federal. 458 novas ambul\u00e2ncias foram entregues durante cerim\u00f4nia nesta quarta-feira(18), em Sorocaba -PB. A medida antecipa a renova\u00e7\u00e3o da frota prevista para 2020. A entrega dos ve\u00edculos para gestores de v\u00e1rias partes do pa\u00eds foi feita pelo secret\u00e1rio de Aten\u00e7\u00e3o Especializada \u00e0 Sa\u00fade do Minist\u00e9rio da Sa\u00fade, Francisco de Assis Figueiredo.<\/p>\n\n\n\n<p>Na regi\u00e3o do Cariri, os munic\u00edpios de Livramento e Sum\u00e9 foram contemplados com os novos equipamentos que dar\u00e3o mais qualidade no atendimento m\u00f3vel de urg\u00eancia das duas cidades.<\/p>\n\n\n\n<p>Os servi\u00e7os de sa\u00fade de urg\u00eancia e emerg\u00eancia melhoram as condi\u00e7\u00f5es de socorro imediato nas localidades beneficiadas. A entrega das novas ambul\u00e2ncias vai beneficiar 329 novos munic\u00edpios, em 19 estados brasileiros. Ao todo, s\u00e3o 223 unidades distribu\u00eddas na regi\u00e3o Sudeste, 111 para o Nordeste, 62 na regi\u00e3o Sul, 43 para o Norte e 19 na regi\u00e3o Centro-Oeste. Com isso, o Minist\u00e9rio da Sa\u00fade finaliza a renova\u00e7\u00e3o de 100% da frota com mais de 5 anos de uso, at\u00e9 2020.<\/p>\n\n\n\n<p>O ministro da Sa\u00fade, Luiz Henrique Mandetta, explica que o Minist\u00e9rio da Sa\u00fade j\u00e1 entregou toda a renova\u00e7\u00e3o de frota de 2019. &nbsp;\u201cAgora estamos antecipando a renova\u00e7\u00e3o de frota de 2020, com esfor\u00e7o do Governo Federal comprando melhor e gerando economia. S\u00e3o 458 ambul\u00e2ncias que seriam renovadas em meados de 2020\u201d, afirmou Mandetta.<\/p>\n\n\n\n<p><strong>CRIT\u00c9RIOS<\/strong><\/p>\n\n\n\n<p>Para renovar a frota, est\u00e3o sendo considerados o tempo de uso e o funcionamento regularizado do servi\u00e7o. Toda a frota com mais de cinco anos de uso, sem renova\u00e7\u00e3o anterior e que n\u00e3o possua irregularidades, pend\u00eancias ou ocorr\u00eancias nos \u00f3rg\u00e3os de fiscaliza\u00e7\u00e3o, incluindo o Minist\u00e9rio da Sa\u00fade, dever\u00e1 ser renovada.<\/p>\n\n\n\n<p>Para amplia\u00e7\u00e3o, expans\u00e3o e implanta\u00e7\u00e3o, os crit\u00e9rios s\u00e3o o quantitativo de atendimentos do SAMU que j\u00e1 s\u00e3o feitos nos munic\u00edpios que possuem o servi\u00e7o e querem ampliar. Para esses casos, considera-se a popula\u00e7\u00e3o m\u00ednima de 12,5 mil habitantes. Os pedidos com os projetos e pactua\u00e7\u00f5es locais devem ser feitos pelos estados e munic\u00edpios ao Minist\u00e9rio da Sa\u00fade, que avaliar\u00e1 cada caso.<\/p>\n\n\n\n<p>As ambul\u00e2ncias doadas estar\u00e3o vistoriadas e dispon\u00edveis para retirada na cidade de Sorocaba, em S\u00e3o Paulo. Todos os munic\u00edpios contemplados est\u00e3o sendo notificados e estima-se que em at\u00e9 60 dias todos os ve\u00edculos sejam retirados diretamente pelos gestores municipais. Antes da retirada, o prefeito ou governador deve assinar o Termo de Doa\u00e7\u00e3o do ve\u00edculo e encaminhar ao Minist\u00e9rio da Sa\u00fade a assinatura, para posterior publica\u00e7\u00e3o no Di\u00e1rio Oficial da Uni\u00e3o. Essas regras obedecem a recomenda\u00e7\u00e3o da Controladoria-Geral da Uni\u00e3o e ac\u00f3rd\u00e3o do Tribunal de Contas da Uni\u00e3o.<\/p>\n\n\n\n<p><strong>Confira a lista dos munic\u00edpios da Para\u00edba que foram contemplados:&nbsp;<\/strong><\/p>\n\n\n\n<table class=\"wp-block-table\"><tbody><tr><td>PB<\/td><td>Bel\u00e9m do Brejo do Cruz<\/td><td>1<\/td><\/tr><tr><td>PB<\/td><td>Bernardino Batista<\/td><td>1<\/td><\/tr><tr><td>PB<\/td><td>Cajazeirinhas<\/td><td>1<\/td><\/tr><tr><td>PB<\/td><td>Coremas<\/td><td>1<\/td><\/tr><tr><td>PB<\/td><td>Guarabira<\/td><td>1<\/td><\/tr><tr><td>PB<\/td><td>Igaracy<\/td><td>1<\/td><\/tr><tr><td>PB<\/td><td>Itaporanga<\/td><td>1<\/td><\/tr><tr><td>PB<\/td><td><strong>Livramento<\/strong><\/td><td>1<\/td><\/tr><tr><td>PB<\/td><td>Princesa Isabel<\/td><td>1<\/td><\/tr><tr><td>PB<\/td><td>Queimadas<\/td><td>1<\/td><\/tr><tr><td>PB<\/td><td>Santa Luzia<\/td><td>1<\/td><\/tr><tr><td>PB<\/td><td>S\u00e3o Jo\u00e3o do Rio do Peixe<\/td><td>1<\/td><\/tr><tr><td>PB<\/td><td>S\u00e3o Sebasti\u00e3o Lagoa de Ro\u00e7a<\/td><td>1<\/td><\/tr><tr><td>PB<\/td><td><strong>Sum\u00e9<\/strong><\/td><td>1<\/td><\/tr><tr><td>PB<\/td><td>Uira\u00fana<\/td><td>1<\/td><\/tr><\/tbody><\/table>\n\n\n\n<p><strong>De Olho no Cariri&nbsp;<\/strong><\/p>\n","protected":false},"excerpt":{"rendered":"<p>Pelo menos 15 munic\u00edpios paraibanos ter\u00e3o a frota do Servi\u00e7o de Atendimento M\u00f3vel de Urg\u00eancia (SAMU 192) renovadas pelo governo federal. 458 novas ambul\u00e2ncias foram&hellip; <\/p>\n","protected":false},"author":1,"featured_media":141770,"comment_status":"closed","ping_status":"closed","sticky":false,"template":"","format":"standard","meta":{"sfsi_plus_gutenberg_text_before_share":"","sfsi_plus_gutenberg_show_text_before_share":"","sfsi_plus_gutenberg_icon_type":"","sfsi_plus_gutenberg_icon_alignemt":"","sfsi_plus_gutenburg_max_per_row":"","footnotes":""},"categories":[50,2],"tags":[],"class_list":["post-141768","post","type-post","status-publish","format-standard","has-post-thumbnail","hentry","category-destaque","category-geral"],"_links":{"self":[{"href":"https:\/\/www.caririemacao.com\/1\/wp-json\/wp\/v2\/posts\/141768","targetHints":{"allow":["GET"]}}],"collection":[{"href":"https:\/\/www.caririemacao.com\/1\/wp-json\/wp\/v2\/posts"}],"about":[{"href":"https:\/\/www.caririemacao.com\/1\/wp-json\/wp\/v2\/types\/post"}],"author":[{"embeddable":true,"href":"https:\/\/www.caririemacao.com\/1\/wp-json\/wp\/v2\/users\/1"}],"replies":[{"embeddable":true,"href":"https:\/\/www.caririemacao.com\/1\/wp-json\/wp\/v2\/comments?post=141768"}],"version-history":[{"count":1,"href":"https:\/\/www.caririemacao.com\/1\/wp-json\/wp\/v2\/posts\/141768\/revisions"}],"predecessor-version":[{"id":141771,"href":"https:\/\/www.caririemacao.com\/1\/wp-json\/wp\/v2\/posts\/141768\/revisions\/141771"}],"wp:featuredmedia":[{"embeddable":true,"href":"https:\/\/www.caririemacao.com\/1\/wp-json\/wp\/v2\/media\/141770"}],"wp:attachment":[{"href":"https:\/\/www.caririemacao.com\/1\/wp-json\/wp\/v2\/media?parent=141768"}],"wp:term":[{"taxonomy":"category","embeddable":true,"href":"https:\/\/www.caririemacao.com\/1\/wp-json\/wp\/v2\/categories?post=141768"},{"taxonomy":"post_tag","embeddable":true,"href":"https:\/\/www.caririemacao.com\/1\/wp-json\/wp\/v2\/tags?post=141768"}],"curies":[{"name":"wp","href":"https:\/\/api.w.org\/{rel}","templated":true}]}}