{"id":141772,"date":"2019-12-19T12:17:24","date_gmt":"2019-12-19T15:17:24","guid":{"rendered":"http:\/\/www.caririemacao.com\/1\/?p=141772"},"modified":"2019-12-19T12:17:24","modified_gmt":"2019-12-19T15:17:24","slug":"defesa-de-ricardo-coutinho-pede-liberdade-do-ex-governador-no-stj-veja-documento","status":"publish","type":"post","link":"https:\/\/www.caririemacao.com\/1\/2019\/12\/19\/defesa-de-ricardo-coutinho-pede-liberdade-do-ex-governador-no-stj-veja-documento\/","title":{"rendered":"Defesa de Ricardo Coutinho pede liberdade do ex-governador no STJ; veja documento"},"content":{"rendered":"\n<p>Os advogados de Ricardo Coutinho entraram com um pedido de Habeas Corpus em favor do ex-governador junto ao Superior Tribunal de Justi\u00e7a (STJ), nesta quarta-feira (18).<\/p>\n\n\n\n<p>A imprensa teve acesso ao documento, que foi assinado pelos advogados Gilson Dipp, Rafael Carneiro, Eduardo de Ara\u00fajo Cavalcanti, Igor Suassuna de Vasconcelos, Juliana Andrade Litaiff e Luiza Miranda.<\/p>\n\n\n\n<p>Os advogados argumentam que Ricardo n\u00e3o tem mais qualquer rela\u00e7\u00e3o com o Governo do Estado e citam inclusive, o desentendimento do ex-governador com o atual governador do Estado, Jo\u00e3o Azev\u00eado.<\/p>\n\n\n\n<p>\u201cPor n\u00e3o mais ocupar o cargo em fun\u00e7\u00e3o do qual supostamente teriam sido praticados os delitos imputados, nem mesmo ter sido mantida a estrutura do governo da \u00e9poca das investiga\u00e7\u00f5es, n\u00e3o persiste qualquer risco de reitera\u00e7\u00e3o delitiva pelo paciente\u201d, diz trecho do documento.<\/p>\n\n\n\n<p><a href=\"https:\/\/www.clickpb.com.br\/media\/filer_public\/2a\/0a\/2a0a7b15-4342-41c3-a961-4936391e58f5\/hc_-_ricardo_coutinho_-_final.pdf\">Veja na \u00edntegra<\/a>.<\/p>\n\n\n\n<p><em>Com Click PB<\/em><\/p>\n","protected":false},"excerpt":{"rendered":"<p>Os advogados de Ricardo Coutinho entraram com um pedido de Habeas Corpus em favor do ex-governador junto ao Superior Tribunal de Justi\u00e7a (STJ), nesta quarta-feira&hellip; <\/p>\n","protected":false},"author":1,"featured_media":48941,"comment_status":"closed","ping_status":"closed","sticky":false,"template":"","format":"standard","meta":{"sfsi_plus_gutenberg_text_before_share":"","sfsi_plus_gutenberg_show_text_before_share":"","sfsi_plus_gutenberg_icon_type":"","sfsi_plus_gutenberg_icon_alignemt":"","sfsi_plus_gutenburg_max_per_row":"","footnotes":""},"categories":[11],"tags":[],"class_list":["post-141772","post","type-post","status-publish","format-standard","has-post-thumbnail","hentry","category-politica"],"_links":{"self":[{"href":"https:\/\/www.caririemacao.com\/1\/wp-json\/wp\/v2\/posts\/141772","targetHints":{"allow":["GET"]}}],"collection":[{"href":"https:\/\/www.caririemacao.com\/1\/wp-json\/wp\/v2\/posts"}],"about":[{"href":"https:\/\/www.caririemacao.com\/1\/wp-json\/wp\/v2\/types\/post"}],"author":[{"embeddable":true,"href":"https:\/\/www.caririemacao.com\/1\/wp-json\/wp\/v2\/users\/1"}],"replies":[{"embeddable":true,"href":"https:\/\/www.caririemacao.com\/1\/wp-json\/wp\/v2\/comments?post=141772"}],"version-history":[{"count":1,"href":"https:\/\/www.caririemacao.com\/1\/wp-json\/wp\/v2\/posts\/141772\/revisions"}],"predecessor-version":[{"id":141773,"href":"https:\/\/www.caririemacao.com\/1\/wp-json\/wp\/v2\/posts\/141772\/revisions\/141773"}],"wp:featuredmedia":[{"embeddable":true,"href":"https:\/\/www.caririemacao.com\/1\/wp-json\/wp\/v2\/media\/48941"}],"wp:attachment":[{"href":"https:\/\/www.caririemacao.com\/1\/wp-json\/wp\/v2\/media?parent=141772"}],"wp:term":[{"taxonomy":"category","embeddable":true,"href":"https:\/\/www.caririemacao.com\/1\/wp-json\/wp\/v2\/categories?post=141772"},{"taxonomy":"post_tag","embeddable":true,"href":"https:\/\/www.caririemacao.com\/1\/wp-json\/wp\/v2\/tags?post=141772"}],"curies":[{"name":"wp","href":"https:\/\/api.w.org\/{rel}","templated":true}]}}