{"id":141782,"date":"2019-12-19T12:33:49","date_gmt":"2019-12-19T15:33:49","guid":{"rendered":"http:\/\/www.caririemacao.com\/1\/?p=141782"},"modified":"2019-12-19T12:33:49","modified_gmt":"2019-12-19T15:33:49","slug":"prefeita-anna-lorena-propoe-adequacao-na-taxa-de-iluminacao-publica","status":"publish","type":"post","link":"https:\/\/www.caririemacao.com\/1\/2019\/12\/19\/prefeita-anna-lorena-propoe-adequacao-na-taxa-de-iluminacao-publica\/","title":{"rendered":"Prefeita Anna Lorena prop\u00f5e adequa\u00e7\u00e3o na taxa de ilumina\u00e7\u00e3o p\u00fablica"},"content":{"rendered":"\n<p><a href=\"https:\/\/www.facebook.com\/sharer.php?u=https%3A%2F%2Fwww.vitrinedocariri.com.br%2F2019%2F12%2Fprefeita-anna-lorena-propoe-adequacao-na-taxa-de-iluminacao-publica%2F\" target=\"_blank\" rel=\"noreferrer noopener\"><\/a><a href=\"https:\/\/twitter.com\/share?url=https%3A%2F%2Fwww.vitrinedocariri.com.br%2F2019%2F12%2Fprefeita-anna-lorena-propoe-adequacao-na-taxa-de-iluminacao-publica%2F&amp;text=Acabei%20de%20ver%20Prefeita%20Anna%20Lorena%20prop%C3%B5e%20adequa%C3%A7%C3%A3o%20na%20taxa%20de%20ilumina%C3%A7%C3%A3o%20p%C3%BAblica%20-%20Clique%20para%20ver%20tamb%C3%A9m%20%E2%98%9B%20\" target=\"_blank\" rel=\"noreferrer noopener\"><\/a><a href=\"\/\/send?text=Prefeita%20Anna%20Lorena%20prop%C3%B5e%20adequa%C3%A7%C3%A3o%20na%20taxa%20de%20ilumina%C3%A7%C3%A3o%20p%C3%BAblica%20%E2%98%9B%20https%3A%2F%2Fwww.vitrinedocariri.com.br%2F2019%2F12%2Fprefeita-anna-lorena-propoe-adequacao-na-taxa-de-iluminacao-publica%2F\" target=\"_blank\" rel=\"noreferrer noopener\"><\/a><a href=\"javascript:void(0);\"><\/a><\/p>\n\n\n\n<div class=\"wp-block-image\"><figure class=\"alignleft\"><img decoding=\"async\" data-src=\"https:\/\/i1.wp.com\/www.vitrinedocariri.com.br\/wp-content\/uploads\/2019\/12\/lorena_boa.jpeg?zoom=2&amp;resize=330%2C219&amp;ssl=1\" alt=\"\" class=\"wp-image-58864 lazyload\" src=\"data:image\/svg+xml;base64,PHN2ZyB3aWR0aD0iMSIgaGVpZ2h0PSIxIiB4bWxucz0iaHR0cDovL3d3dy53My5vcmcvMjAwMC9zdmciPjwvc3ZnPg==\" \/><\/figure><\/div>\n\n\n\n<p>A Prefeita Anna Lorena encaminhou a C\u00e2mara Municipal de Monteiro,&nbsp; substitutivo de lei a respeito de mudan\u00e7as e diminui\u00e7\u00e3o nas al\u00edquotas das faixas de consumo em \u00e1rea rural e urbana visando reduzir o valor do tributo.<\/p>\n\n\n\n<p>Pela nova lei, as al\u00edquotas de contribui\u00e7\u00e3o s\u00e3o diferenciadas conforme a classe de consumidores e a quantidade de consumo medida em kw beneficia a popula\u00e7\u00e3o de menor renda.<\/p>\n\n\n\n<p>Desse modo, n\u00e3o h\u00e1 qualquer viola\u00e7\u00e3o aos princ\u00edpios da isonomia tribut\u00e1ria, pois quem consome mais paga mais, havendo igual tratamento aos contribuintes da mesma categoria ou que apresentam as mesmas condi\u00e7\u00f5es econ\u00f4micas, e tratamento diferenciado aos de categoria e condi\u00e7\u00f5es econ\u00f4micas diversas.<\/p>\n\n\n\n<p>A prefeita Anna Lorena, que encaminhou o projeto de Lei com pedido de urg\u00eancia, disse n\u00e3o ter d\u00favidas da aprova\u00e7\u00e3o do projeto, uma vez que beneficia a popula\u00e7\u00e3o mais carente e aplica taxas justas de acordo com o consumo.<\/p>\n\n\n\n<p>O projeto ainda prop\u00f5e o estabelecimento de faixas diferenciadas para os contribuintes com unidades consumidoras localizadas em \u00e1reas rurais do Munic\u00edpio. A contribui\u00e7\u00e3o a partir da aprova\u00e7\u00e3o ser\u00e1 calculada mensalmente sobre o valor da Tarifa de Ilumina\u00e7\u00e3o P\u00fablica, aplicada pela Concession\u00e1ria de Distribui\u00e7\u00e3o de Energia El\u00e9trica ao Munic\u00edpio, incluindo-se acr\u00e9scimos ou adi\u00e7\u00f5es determinados pela Ag\u00eancia Nacional de Energia El\u00e9trica \u2013 ANEEL ou outro \u00f3rg\u00e3o que vier a substitu\u00ed-la, devendo ser adotados os percentuais abaixo:<\/p>\n\n\n\n<table class=\"wp-block-table\"><tbody><tr><td><strong>CLASSE<\/strong><\/td><td><strong>FAIXA DE CONSUMO<br>KW<\/strong><\/td><td><strong>PERCENTUAL (%)<\/strong><\/td><\/tr><tr><td>RESIDENCIAL<\/td><td>At\u00e9 30<\/td><td>0 (isento)<\/td><\/tr><tr><td>RESIDENCIAL<\/td><td>31 \u2013 50<\/td><td>3<\/td><\/tr><tr><td>RESIDENCIAL<\/td><td>51 \u2013 80<\/td><td>4<\/td><\/tr><tr><td>RESIDENCIAL<\/td><td>81 \u2013 100<\/td><td>4,5<\/td><\/tr><tr><td>RESIDENCIAL<\/td><td>101 \u2013 150<\/td><td>5<\/td><\/tr><tr><td>RESIDENCIAL<\/td><td>151 \u2013 200<\/td><td>5,5<\/td><\/tr><tr><td>RESIDENCIAL<\/td><td>201 \u2013 250<\/td><td>6<\/td><\/tr><tr><td>RESIDENCIAL<\/td><td>251 \u2013 300<\/td><td>6,5<\/td><\/tr><tr><td>RESIDENCIAL<\/td><td>301 \u2013 350<\/td><td>7<\/td><\/tr><tr><td>RESIDENCIAL<\/td><td>351 \u2013 400<\/td><td>7,5<\/td><\/tr><tr><td>RESIDENCIAL<\/td><td>Acima de 400<\/td><td>8<\/td><\/tr><tr><td>INDUSTRIAL<\/td><td>At\u00e9 50<\/td><td>5<\/td><\/tr><tr><td>INDUSTRIAL<\/td><td>51 \u2013 100<\/td><td>6<\/td><\/tr><tr><td>INDUSTRIAL<\/td><td>101 \u2013 200<\/td><td>7<\/td><\/tr><tr><td>INDUSTRIAL<\/td><td>201 \u2013 300<\/td><td>8<\/td><\/tr><tr><td>INDUSTRIAL<\/td><td>301- 400<\/td><td>9<\/td><\/tr><tr><td>INDUSTRIAL<\/td><td>Acima de 400<\/td><td>10<\/td><\/tr><tr><td>COMERCIAL<\/td><td>At\u00e9 30<\/td><td>0 (isento)<\/td><\/tr><tr><td>COMERCIAL<\/td><td>31 \u2013 50<\/td><td>5<\/td><\/tr><tr><td>COMERCIAL<\/td><td>51 \u2013 80<\/td><td>5,5<\/td><\/tr><tr><td>COMERCIAL<\/td><td>81 \u2013 100<\/td><td>6,5<\/td><\/tr><tr><td>COMERCIAL<\/td><td>101 \u2013 150<\/td><td>7<\/td><\/tr><tr><td>COMERCIAL<\/td><td>151 \u2013 200<\/td><td>7,5<\/td><\/tr><tr><td>COMERCIAL<\/td><td>201 \u2013 250<\/td><td>8<\/td><\/tr><tr><td>COMERCIAL<\/td><td>251 \u2013 300<\/td><td>8,5<\/td><\/tr><tr><td>COMERCIAL<\/td><td>301 \u2013 350<\/td><td>9<\/td><\/tr><tr><td>COMERCIAL<\/td><td>351 \u2013 400<\/td><td>9,5<\/td><\/tr><tr><td>COMERCIAL<\/td><td>Acima de 400<\/td><td>10<\/td><\/tr><tr><td>RURAL<\/td><td>At\u00e9 80<\/td><td>0 (isento)<\/td><\/tr><tr><td>RURAL<\/td><td>81 \u2013 100<\/td><td>3<\/td><\/tr><tr><td>RURAL<\/td><td>101 \u2013 150<\/td><td>3,5<\/td><\/tr><tr><td>RURAL<\/td><td>151 \u2013 200<\/td><td>4<\/td><\/tr><tr><td>RURAL<\/td><td>201 \u2013 250<\/td><td>4,5<\/td><\/tr><tr><td>RURAL<\/td><td>251 \u2013 300<\/td><td>5<\/td><\/tr><tr><td>RURAL<\/td><td>301 \u2013 350<\/td><td>5,5<\/td><\/tr><tr><td>RURAL<\/td><td>352 \u2013 400<\/td><td>6<\/td><\/tr><tr><td>RURAL<\/td><td>Acima de 400<\/td><td>7<\/td><\/tr><tr><td>PODER P\u00daBLICO FEDERAL<\/td><td>Todos<\/td><td>100<\/td><\/tr><tr><td>PODER&nbsp; P\u00daBLICO ESTADUAL<\/td><td>Todos<\/td><td>100<\/td><\/tr><tr><td>PODER P\u00daBLICO MUNICIPAL<\/td><td>Todos<\/td><td>0 (isento)<\/td><\/tr><tr><td>SERVI\u00c7O P\u00daBLICO<\/td><td>Todos<\/td><td>100<\/td><\/tr><tr><td>GRUPO AH<\/td><td>Todos<\/td><td>100<\/td><\/tr><tr><td>CONSUMIDORES DO ARTIGO 2\u00ba, INCISO II<\/td><\/tr><\/tbody><\/table>\n","protected":false},"excerpt":{"rendered":"<p>A Prefeita Anna Lorena encaminhou a C\u00e2mara Municipal de Monteiro,&nbsp; substitutivo de lei a respeito de mudan\u00e7as e diminui\u00e7\u00e3o nas al\u00edquotas das faixas de consumo&hellip; <\/p>\n","protected":false},"author":1,"featured_media":141784,"comment_status":"closed","ping_status":"closed","sticky":false,"template":"","format":"standard","meta":{"sfsi_plus_gutenberg_text_before_share":"","sfsi_plus_gutenberg_show_text_before_share":"","sfsi_plus_gutenberg_icon_type":"","sfsi_plus_gutenberg_icon_alignemt":"","sfsi_plus_gutenburg_max_per_row":"","footnotes":""},"categories":[6],"tags":[],"class_list":["post-141782","post","type-post","status-publish","format-standard","has-post-thumbnail","hentry","category-cidades"],"_links":{"self":[{"href":"https:\/\/www.caririemacao.com\/1\/wp-json\/wp\/v2\/posts\/141782","targetHints":{"allow":["GET"]}}],"collection":[{"href":"https:\/\/www.caririemacao.com\/1\/wp-json\/wp\/v2\/posts"}],"about":[{"href":"https:\/\/www.caririemacao.com\/1\/wp-json\/wp\/v2\/types\/post"}],"author":[{"embeddable":true,"href":"https:\/\/www.caririemacao.com\/1\/wp-json\/wp\/v2\/users\/1"}],"replies":[{"embeddable":true,"href":"https:\/\/www.caririemacao.com\/1\/wp-json\/wp\/v2\/comments?post=141782"}],"version-history":[{"count":1,"href":"https:\/\/www.caririemacao.com\/1\/wp-json\/wp\/v2\/posts\/141782\/revisions"}],"predecessor-version":[{"id":141785,"href":"https:\/\/www.caririemacao.com\/1\/wp-json\/wp\/v2\/posts\/141782\/revisions\/141785"}],"wp:featuredmedia":[{"embeddable":true,"href":"https:\/\/www.caririemacao.com\/1\/wp-json\/wp\/v2\/media\/141784"}],"wp:attachment":[{"href":"https:\/\/www.caririemacao.com\/1\/wp-json\/wp\/v2\/media?parent=141782"}],"wp:term":[{"taxonomy":"category","embeddable":true,"href":"https:\/\/www.caririemacao.com\/1\/wp-json\/wp\/v2\/categories?post=141782"},{"taxonomy":"post_tag","embeddable":true,"href":"https:\/\/www.caririemacao.com\/1\/wp-json\/wp\/v2\/tags?post=141782"}],"curies":[{"name":"wp","href":"https:\/\/api.w.org\/{rel}","templated":true}]}}