{"id":141789,"date":"2019-12-19T12:38:15","date_gmt":"2019-12-19T15:38:15","guid":{"rendered":"http:\/\/www.caririemacao.com\/1\/?p=141789"},"modified":"2019-12-19T12:38:15","modified_gmt":"2019-12-19T15:38:15","slug":"o-brasil-vive-um-ataque-a-democracia-diz-deputada-paraibana-ao-sair-da-prisao","status":"publish","type":"post","link":"https:\/\/www.caririemacao.com\/1\/2019\/12\/19\/o-brasil-vive-um-ataque-a-democracia-diz-deputada-paraibana-ao-sair-da-prisao\/","title":{"rendered":"\u201cO Brasil vive um ataque \u00e0 democracia\u201d, diz deputada paraibana ao sair da pris\u00e3o"},"content":{"rendered":"\n<p><br>Adeputada estadual Estela Bezerra (PSB) fez declara\u00e7\u00f5es pol\u00eamicas ao sair da penitenci\u00e1ria feminina J\u00falia Maranh\u00e3o.<\/p>\n\n\n\n<p>A parlamentar acusada de participa\u00e7\u00e3o no que o Gaeco chama de organiza\u00e7\u00e3o criminosa respons\u00e1vel por desvios milion\u00e1rios na sa\u00fade e educa\u00e7\u00e3o da Para\u00edba, afirmou que o juiz cometeu um ato falho durante a audi\u00eancia.<\/p>\n\n\n\n<figure class=\"wp-block-image\"><img decoding=\"async\" data-src=\"https:\/\/paraibaonline.com.br\/wp-content\/uploads\/2019\/07\/estela1607.jpg\" alt=\"Foto: Paraibaonline\" class=\"wp-image-751829 lazyload\" src=\"data:image\/svg+xml;base64,PHN2ZyB3aWR0aD0iMSIgaGVpZ2h0PSIxIiB4bWxucz0iaHR0cDovL3d3dy53My5vcmcvMjAwMC9zdmciPjwvc3ZnPg==\" \/><\/figure>\n\n\n\n<p>Foto: Paraibaonline<\/p>\n\n\n\n<p>\u2013 Atrav\u00e9s de um ato falho do pr\u00f3prio juiz, eu fui tratada como se estivesse sendo julgada naquele momento \u2013 disse.<\/p>\n\n\n\n<p>Al\u00e9m disso, Estela se posicionou dizendo que \u201co Brasil vive um ataque \u00e0 democracia, e esse ataque \u00e9 basicamente uma a\u00e7\u00e3o encadeada por agentes que comp\u00f5em institui\u00e7\u00f5es jur\u00eddicas e do Minist\u00e9rio P\u00fablico\u201d.<\/p>\n\n\n\n<p>A deputada saiu do pres\u00eddio em determina\u00e7\u00e3o do desembargador Ricardo Vital, do Tribunal de Justi\u00e7a da Para\u00edba (TJ-PB).<\/p>\n","protected":false},"excerpt":{"rendered":"<p>Adeputada estadual Estela Bezerra (PSB) fez declara\u00e7\u00f5es pol\u00eamicas ao sair da penitenci\u00e1ria feminina J\u00falia Maranh\u00e3o. A parlamentar acusada de participa\u00e7\u00e3o no que o Gaeco chama&hellip; <\/p>\n","protected":false},"author":1,"featured_media":115805,"comment_status":"closed","ping_status":"closed","sticky":false,"template":"","format":"standard","meta":{"sfsi_plus_gutenberg_text_before_share":"","sfsi_plus_gutenberg_show_text_before_share":"","sfsi_plus_gutenberg_icon_type":"","sfsi_plus_gutenberg_icon_alignemt":"","sfsi_plus_gutenburg_max_per_row":"","footnotes":""},"categories":[11],"tags":[],"class_list":["post-141789","post","type-post","status-publish","format-standard","has-post-thumbnail","hentry","category-politica"],"_links":{"self":[{"href":"https:\/\/www.caririemacao.com\/1\/wp-json\/wp\/v2\/posts\/141789","targetHints":{"allow":["GET"]}}],"collection":[{"href":"https:\/\/www.caririemacao.com\/1\/wp-json\/wp\/v2\/posts"}],"about":[{"href":"https:\/\/www.caririemacao.com\/1\/wp-json\/wp\/v2\/types\/post"}],"author":[{"embeddable":true,"href":"https:\/\/www.caririemacao.com\/1\/wp-json\/wp\/v2\/users\/1"}],"replies":[{"embeddable":true,"href":"https:\/\/www.caririemacao.com\/1\/wp-json\/wp\/v2\/comments?post=141789"}],"version-history":[{"count":1,"href":"https:\/\/www.caririemacao.com\/1\/wp-json\/wp\/v2\/posts\/141789\/revisions"}],"predecessor-version":[{"id":141791,"href":"https:\/\/www.caririemacao.com\/1\/wp-json\/wp\/v2\/posts\/141789\/revisions\/141791"}],"wp:featuredmedia":[{"embeddable":true,"href":"https:\/\/www.caririemacao.com\/1\/wp-json\/wp\/v2\/media\/115805"}],"wp:attachment":[{"href":"https:\/\/www.caririemacao.com\/1\/wp-json\/wp\/v2\/media?parent=141789"}],"wp:term":[{"taxonomy":"category","embeddable":true,"href":"https:\/\/www.caririemacao.com\/1\/wp-json\/wp\/v2\/categories?post=141789"},{"taxonomy":"post_tag","embeddable":true,"href":"https:\/\/www.caririemacao.com\/1\/wp-json\/wp\/v2\/tags?post=141789"}],"curies":[{"name":"wp","href":"https:\/\/api.w.org\/{rel}","templated":true}]}}