{"id":141799,"date":"2019-12-19T12:45:44","date_gmt":"2019-12-19T15:45:44","guid":{"rendered":"http:\/\/www.caririemacao.com\/1\/?p=141799"},"modified":"2019-12-19T12:45:44","modified_gmt":"2019-12-19T15:45:44","slug":"colunista-diz-que-ricardo-coutinho-teria-enterrado-fortuna","status":"publish","type":"post","link":"https:\/\/www.caririemacao.com\/1\/2019\/12\/19\/colunista-diz-que-ricardo-coutinho-teria-enterrado-fortuna\/","title":{"rendered":"Colunista diz que Ricardo Coutinho teria enterrado fortuna"},"content":{"rendered":"\n<p>O Minist\u00e9rio P\u00fablico da Para\u00edba tem fortes suspeitas de que o ex-governador da Para\u00edba, Ricardo Coutinho, mant\u00e9m escondida uma fortuna em dinheiro vivo. A informa\u00e7\u00e3o foi publicada na&nbsp;<a href=\"https:\/\/blogs.oglobo.globo.com\/lauro-jardim\/post\/ricardo-coutinho-moda-geddel.html\">coluna de Lauro Jardim<\/a>, no jornal O Globo.<\/p>\n\n\n\n<p>De acordo com as informa\u00e7\u00f5es obtidas pela coluna, os procuradores cogitam, inclusive, que Coutinho tenha enterrado ao menos uma parte do dinheiro, na tentativa de ocult\u00e1-lo.&nbsp;<\/p>\n\n\n\n<p>A coluna chegou a comparar Ricardo Coutinho ao ex-ministro Geddel Vieira Lima, que foi flagrado com R$ 51 milh\u00f5es dentro de um apartamento. Para o colunista, a tentativa de Ricardo de ocultar a fortuna seria para evitar situa\u00e7\u00e3o semelhante.<\/p>\n","protected":false},"excerpt":{"rendered":"<p>O Minist\u00e9rio P\u00fablico da Para\u00edba tem fortes suspeitas de que o ex-governador da Para\u00edba, Ricardo Coutinho, mant\u00e9m escondida uma fortuna em dinheiro vivo. A informa\u00e7\u00e3o&hellip; <\/p>\n","protected":false},"author":1,"featured_media":11878,"comment_status":"closed","ping_status":"closed","sticky":false,"template":"","format":"standard","meta":{"sfsi_plus_gutenberg_text_before_share":"","sfsi_plus_gutenberg_show_text_before_share":"","sfsi_plus_gutenberg_icon_type":"","sfsi_plus_gutenberg_icon_alignemt":"","sfsi_plus_gutenburg_max_per_row":"","footnotes":""},"categories":[11],"tags":[],"class_list":["post-141799","post","type-post","status-publish","format-standard","has-post-thumbnail","hentry","category-politica"],"_links":{"self":[{"href":"https:\/\/www.caririemacao.com\/1\/wp-json\/wp\/v2\/posts\/141799","targetHints":{"allow":["GET"]}}],"collection":[{"href":"https:\/\/www.caririemacao.com\/1\/wp-json\/wp\/v2\/posts"}],"about":[{"href":"https:\/\/www.caririemacao.com\/1\/wp-json\/wp\/v2\/types\/post"}],"author":[{"embeddable":true,"href":"https:\/\/www.caririemacao.com\/1\/wp-json\/wp\/v2\/users\/1"}],"replies":[{"embeddable":true,"href":"https:\/\/www.caririemacao.com\/1\/wp-json\/wp\/v2\/comments?post=141799"}],"version-history":[{"count":1,"href":"https:\/\/www.caririemacao.com\/1\/wp-json\/wp\/v2\/posts\/141799\/revisions"}],"predecessor-version":[{"id":141801,"href":"https:\/\/www.caririemacao.com\/1\/wp-json\/wp\/v2\/posts\/141799\/revisions\/141801"}],"wp:featuredmedia":[{"embeddable":true,"href":"https:\/\/www.caririemacao.com\/1\/wp-json\/wp\/v2\/media\/11878"}],"wp:attachment":[{"href":"https:\/\/www.caririemacao.com\/1\/wp-json\/wp\/v2\/media?parent=141799"}],"wp:term":[{"taxonomy":"category","embeddable":true,"href":"https:\/\/www.caririemacao.com\/1\/wp-json\/wp\/v2\/categories?post=141799"},{"taxonomy":"post_tag","embeddable":true,"href":"https:\/\/www.caririemacao.com\/1\/wp-json\/wp\/v2\/tags?post=141799"}],"curies":[{"name":"wp","href":"https:\/\/api.w.org\/{rel}","templated":true}]}}