{"id":141804,"date":"2019-12-19T12:49:48","date_gmt":"2019-12-19T15:49:48","guid":{"rendered":"http:\/\/www.caririemacao.com\/1\/?p=141804"},"modified":"2019-12-19T12:49:48","modified_gmt":"2019-12-19T15:49:48","slug":"imposto-sobre-transacao-financeira-nao-passa-na-camara-diz-maia-sobre-proposta-de-guedes","status":"publish","type":"post","link":"https:\/\/www.caririemacao.com\/1\/2019\/12\/19\/imposto-sobre-transacao-financeira-nao-passa-na-camara-diz-maia-sobre-proposta-de-guedes\/","title":{"rendered":"Imposto sobre transa\u00e7\u00e3o financeira n\u00e3o passa na C\u00e2mara, diz Maia sobre proposta de Guedes"},"content":{"rendered":"\n<p>&nbsp;O presidente da C\u00e2mara, Rodrigo Maia (DEM-RJ), afirmou nesta quinta-feira (19) que o imposto sobre transa\u00e7\u00f5es financeiras em meios digitais proposto pelo ministro Paulo Guedes (Economia) n\u00e3o ser\u00e1 aprovado na C\u00e2mara.<\/p>\n\n\n\n<p>&#8220;A resposta da C\u00e2mara vai ser n\u00e3o&#8221;, afirmou a jornalistas em reuni\u00e3o na resid\u00eancia oficial da C\u00e2mara. &#8220;Imposto sobre movimenta\u00e7\u00e3o financeira, com o nome que se queira dar, \u00e9 n\u00e3o. Pode dar o nome que voc\u00ea quiser, apelido&#8221;, disse.&nbsp;<\/p>\n\n\n\n<p>Nesta quarta (18), Guedes disse que o governo estuda incluir na reforma tribut\u00e1ria um imposto sobre transa\u00e7\u00f5es financeiras em meios digitais, como por aplicativos de celular ou via o internet banking.&nbsp;<\/p>\n\n\n\n<p>Ao defender a proposta, ele argumentou que o novo imposto n\u00e3o seria igual \u00e0 extinta CPMF, que sofreu cr\u00edticas dentro do governo e foi barrada pelo presidente Jair Bolsonaro (sem partido).<\/p>\n\n\n\n<p>Maia, no entanto, disse que o Congresso n\u00e3o aceitar\u00e1 a cria\u00e7\u00e3o do imposto.&nbsp;<\/p>\n\n\n\n<p>&#8220;J\u00e1 falei com eles [equipe econ\u00f4mica] que n\u00e3o passa. O que digo a eles \u00e9 que o DEM est\u00e1 nisso desde 2007, quando foi derrubada a CPMF. N\u00e3o posso ter ficado contra a CPMF no governo do PT e no governo em que a agenda econ\u00f4mica \u00e9 mais convergente com a que eu penso, defender a CPMF, seria uma incoer\u00eancia&#8221;, disse.&nbsp;<\/p>\n\n\n\n<p>O presidente disse ainda que a reforma tribut\u00e1ria deve trazer alguma outra solu\u00e7\u00e3o para a desonera\u00e7\u00e3o da folha, argumento usado pelo governo para afirmar que \u00e9 necess\u00e1ria a cria\u00e7\u00e3o do novo imposto. No entanto, n\u00e3o detalhou o que seria esse caminho. &#8220;Deixa o pessoal da comiss\u00e3o trabalhar&#8221;, afirmou.&nbsp;<\/p>\n\n\n\n<p>Segundo Maia, a previs\u00e3o \u00e9 de que a PEC (Proposta de Emenda \u00e0 Constitui\u00e7\u00e3o) da reforma tribut\u00e1ria seja aprovada ainda no primeiro semestre de 2020 na C\u00e2mara.&nbsp;<\/p>\n\n\n\n<p>Al\u00e9m da tribut\u00e1ria, o presidente tamb\u00e9m desenhou um calend\u00e1rio de vota\u00e7\u00f5es priorit\u00e1rias do Congresso para 2020. Por ser ano eleitoral, as vota\u00e7\u00f5es devem se concentrar apenas no primeiro semestre -a partir de agosto, as aten\u00e7\u00f5es dos parlamentares ficam voltadas para o pleito municipal.&nbsp;<\/p>\n\n\n\n<p>Maia diz que tem inten\u00e7\u00e3o de pautar no in\u00edcio do ano o projeto de recupera\u00e7\u00e3o judicial e a autonomia do Banco Central, tema pol\u00eamico em que Maia tenta avan\u00e7ar desde o governo de Michel Temer.&nbsp;<\/p>\n\n\n\n<p>Al\u00e9m disso, o presidente afirmou que deve pautar o projeto de parcerias p\u00fablico-privadas em concess\u00f5es, e o projeto de amplia\u00e7\u00e3o do Bolsa Fam\u00edlia capitaneado pela deputada Tabata Amaral (PDT-SP).&nbsp;<\/p>\n\n\n\n<p>O licenciamento ambiental tamb\u00e9m deve entrar na agenda da Casa, e Maia voltou a afirmar que tem compromisso de votar a PEC do fim do foro privilegiado e a pris\u00e3o em segunda inst\u00e2ncia, que est\u00e1 em tramita\u00e7\u00e3o na comiss\u00e3o especial.&nbsp;<\/p>\n\n\n\n<p>O presidente da C\u00e2mara defendeu ainda a necessidade de uma reforma administrativa. &#8220;Tem que ter objetivo, melhorar a qualidade do servi\u00e7o e estimular o servidor p\u00fablico a trabalhar com um m\u00ednimo de meritocracia&#8221;, disse.&nbsp;<\/p>\n\n\n\n<p>Para isso, \u00e9 preciso criar novas regras de estabilidade. &#8220;Hoje, \u00e9 passar no concurso p\u00fablico&#8221;, disse. &#8220;Se n\u00e3o fizer isso, a pessoa sente que passou no concurso e n\u00e3o precisa fazer mais nada.&#8221;&nbsp;<\/p>\n\n\n\n<p>Sobre privatiza\u00e7\u00f5es, o presidente afirmou que o projeto de capitaliza\u00e7\u00e3o da Eletrobras enfrenta resist\u00eancia do Senado, e portanto n\u00e3o deve nem chegar \u00e0 C\u00e2mara no pr\u00f3ximo ano.&nbsp;<\/p>\n","protected":false},"excerpt":{"rendered":"<p>&nbsp;O presidente da C\u00e2mara, Rodrigo Maia (DEM-RJ), afirmou nesta quinta-feira (19) que o imposto sobre transa\u00e7\u00f5es financeiras em meios digitais proposto pelo ministro Paulo Guedes&hellip; <\/p>\n","protected":false},"author":1,"featured_media":104297,"comment_status":"closed","ping_status":"closed","sticky":false,"template":"","format":"standard","meta":{"sfsi_plus_gutenberg_text_before_share":"","sfsi_plus_gutenberg_show_text_before_share":"","sfsi_plus_gutenberg_icon_type":"","sfsi_plus_gutenberg_icon_alignemt":"","sfsi_plus_gutenburg_max_per_row":"","footnotes":""},"categories":[11],"tags":[],"class_list":["post-141804","post","type-post","status-publish","format-standard","has-post-thumbnail","hentry","category-politica"],"_links":{"self":[{"href":"https:\/\/www.caririemacao.com\/1\/wp-json\/wp\/v2\/posts\/141804","targetHints":{"allow":["GET"]}}],"collection":[{"href":"https:\/\/www.caririemacao.com\/1\/wp-json\/wp\/v2\/posts"}],"about":[{"href":"https:\/\/www.caririemacao.com\/1\/wp-json\/wp\/v2\/types\/post"}],"author":[{"embeddable":true,"href":"https:\/\/www.caririemacao.com\/1\/wp-json\/wp\/v2\/users\/1"}],"replies":[{"embeddable":true,"href":"https:\/\/www.caririemacao.com\/1\/wp-json\/wp\/v2\/comments?post=141804"}],"version-history":[{"count":1,"href":"https:\/\/www.caririemacao.com\/1\/wp-json\/wp\/v2\/posts\/141804\/revisions"}],"predecessor-version":[{"id":141805,"href":"https:\/\/www.caririemacao.com\/1\/wp-json\/wp\/v2\/posts\/141804\/revisions\/141805"}],"wp:featuredmedia":[{"embeddable":true,"href":"https:\/\/www.caririemacao.com\/1\/wp-json\/wp\/v2\/media\/104297"}],"wp:attachment":[{"href":"https:\/\/www.caririemacao.com\/1\/wp-json\/wp\/v2\/media?parent=141804"}],"wp:term":[{"taxonomy":"category","embeddable":true,"href":"https:\/\/www.caririemacao.com\/1\/wp-json\/wp\/v2\/categories?post=141804"},{"taxonomy":"post_tag","embeddable":true,"href":"https:\/\/www.caririemacao.com\/1\/wp-json\/wp\/v2\/tags?post=141804"}],"curies":[{"name":"wp","href":"https:\/\/api.w.org\/{rel}","templated":true}]}}