{"id":141813,"date":"2019-12-19T12:54:34","date_gmt":"2019-12-19T15:54:34","guid":{"rendered":"http:\/\/www.caririemacao.com\/1\/?p=141813"},"modified":"2019-12-19T12:54:34","modified_gmt":"2019-12-19T15:54:34","slug":"assaltante-morre-durante-roubo-a-comercio","status":"publish","type":"post","link":"https:\/\/www.caririemacao.com\/1\/2019\/12\/19\/assaltante-morre-durante-roubo-a-comercio\/","title":{"rendered":"Assaltante morre durante roubo a com\u00e9rcio"},"content":{"rendered":"\n<p>Um assaltante morreu durante um roubo, no inicio da noite desta quarta-feira (18), na cidade de Cajazeiras, no Sert\u00e3o da Para\u00edba.<\/p>\n\n\n\n<p>Segundo informa\u00e7\u00f5es ainda preliminares, dois homens armados entraram num mercadinho, onde funciona um correspondente banc\u00e1rio, e anunciaram o assalto. Durante o roubo houve uma rea\u00e7\u00e3o e o bandido foi atingido na cabe\u00e7a com a pr\u00f3pria&nbsp;arma.<\/p>\n\n\n\n<figure class=\"wp-block-image\"><img decoding=\"async\" data-src=\"http:\/\/paraibadebate.com.br\/wp-content\/uploads\/2019\/12\/IMG_3408.jpg\" alt=\"\" class=\"wp-image-102535 lazyload\" src=\"data:image\/svg+xml;base64,PHN2ZyB3aWR0aD0iMSIgaGVpZ2h0PSIxIiB4bWxucz0iaHR0cDovL3d3dy53My5vcmcvMjAwMC9zdmciPjwvc3ZnPg==\" \/><\/figure>\n\n\n\n<p>O acusado foi socorrido pelo Servi\u00e7o de Atendimento M\u00f3vel de Urg\u00eancia (Samu), mas morreu antes de dar entrada no Hospital Regional de Cajazeiras.<\/p>\n\n\n\n<p>Um funcion\u00e1rio do com\u00e9rcio, que fica localizado na Avenida Francisco Matias Rolim, no setor norte da cidade, tamb\u00e9m foi atingido durante o assalto. Ele foi levado ao HRC onde est\u00e1 sendo atendido pelos m\u00e9dicos.<\/p>\n\n\n\n<p>A Pol\u00edcia est\u00e1 em dilig\u00eancia para prender o outro suspeito que conseguiu fugir do local. Quem souber do paradeiro ou identidade, entrar em contato com a Pol\u00edcia pelo Disque Den\u00fancia 197, que o anonimato e garantido.<\/p>\n\n\n\n<p><em>Blog do \u00c2ngelo Lima<\/em><\/p>\n","protected":false},"excerpt":{"rendered":"<p>Um assaltante morreu durante um roubo, no inicio da noite desta quarta-feira (18), na cidade de Cajazeiras, no Sert\u00e3o da Para\u00edba. Segundo informa\u00e7\u00f5es ainda preliminares,&hellip; <\/p>\n","protected":false},"author":1,"featured_media":141814,"comment_status":"closed","ping_status":"closed","sticky":false,"template":"","format":"standard","meta":{"sfsi_plus_gutenberg_text_before_share":"","sfsi_plus_gutenberg_show_text_before_share":"","sfsi_plus_gutenberg_icon_type":"","sfsi_plus_gutenberg_icon_alignemt":"","sfsi_plus_gutenburg_max_per_row":"","footnotes":""},"categories":[50,12],"tags":[],"class_list":["post-141813","post","type-post","status-publish","format-standard","has-post-thumbnail","hentry","category-destaque","category-policia"],"_links":{"self":[{"href":"https:\/\/www.caririemacao.com\/1\/wp-json\/wp\/v2\/posts\/141813","targetHints":{"allow":["GET"]}}],"collection":[{"href":"https:\/\/www.caririemacao.com\/1\/wp-json\/wp\/v2\/posts"}],"about":[{"href":"https:\/\/www.caririemacao.com\/1\/wp-json\/wp\/v2\/types\/post"}],"author":[{"embeddable":true,"href":"https:\/\/www.caririemacao.com\/1\/wp-json\/wp\/v2\/users\/1"}],"replies":[{"embeddable":true,"href":"https:\/\/www.caririemacao.com\/1\/wp-json\/wp\/v2\/comments?post=141813"}],"version-history":[{"count":1,"href":"https:\/\/www.caririemacao.com\/1\/wp-json\/wp\/v2\/posts\/141813\/revisions"}],"predecessor-version":[{"id":141815,"href":"https:\/\/www.caririemacao.com\/1\/wp-json\/wp\/v2\/posts\/141813\/revisions\/141815"}],"wp:featuredmedia":[{"embeddable":true,"href":"https:\/\/www.caririemacao.com\/1\/wp-json\/wp\/v2\/media\/141814"}],"wp:attachment":[{"href":"https:\/\/www.caririemacao.com\/1\/wp-json\/wp\/v2\/media?parent=141813"}],"wp:term":[{"taxonomy":"category","embeddable":true,"href":"https:\/\/www.caririemacao.com\/1\/wp-json\/wp\/v2\/categories?post=141813"},{"taxonomy":"post_tag","embeddable":true,"href":"https:\/\/www.caririemacao.com\/1\/wp-json\/wp\/v2\/tags?post=141813"}],"curies":[{"name":"wp","href":"https:\/\/api.w.org\/{rel}","templated":true}]}}