{"id":141819,"date":"2019-12-19T13:08:24","date_gmt":"2019-12-19T16:08:24","guid":{"rendered":"http:\/\/www.caririemacao.com\/1\/?p=141819"},"modified":"2019-12-19T13:08:24","modified_gmt":"2019-12-19T16:08:24","slug":"saude-de-sume-presta-contas-de-suas-acoes-no-ano-de-2019","status":"publish","type":"post","link":"https:\/\/www.caririemacao.com\/1\/2019\/12\/19\/saude-de-sume-presta-contas-de-suas-acoes-no-ano-de-2019\/","title":{"rendered":"Sa\u00fade de Sum\u00e9 presta contas de suas a\u00e7\u00f5es no ano de 2019"},"content":{"rendered":"\n<p>A Secretaria de Sa\u00fade de Sum\u00e9 realizou na ter\u00e7a-feira (17), na C\u00e2mara de Vereadores de Sum\u00e9, uma audi\u00eancia p\u00fablica para presta\u00e7\u00e3o de contas dos oito primeiros meses do ano de 2019, tais como: montante, fonte de recursos aplicados, oferta e produ\u00e7\u00e3o dos servi\u00e7os p\u00fablicos.<\/p>\n\n\n\n<p>Na audi\u00eancia foi debatido ainda informa\u00e7\u00f5es do n\u00famero de atendimentos e procedimentos da Aten\u00e7\u00e3o B\u00e1sica, Vigil\u00e2ncia Sanit\u00e1ria, Hospital Alice de Almeida, Laborat\u00f3rio Municipal, Centro Oftalmol\u00f3gico, Cl\u00ednica de Fisioterapia, CEO, Caps, Centro de Fisioterapia, Nasf, Samu e Vigil\u00e2ncia Ambiental.<\/p>\n\n\n\n<p>De acordo com a secret\u00e1ria de Sa\u00fade, Alessandra Regina, em 2019 houve um aumento consider\u00e1vel de servi\u00e7os ofertados \u00e0 popula\u00e7\u00e3o \u201cNossa gest\u00e3o busca a cada dia aperfei\u00e7oar o atendimento aos usu\u00e1rios, ampliando a oferta dos nossos atendimentos\u201d, disse.<\/p>\n\n\n\n<p>Alessandra Regina informou ainda, que um dos destaques do ano, foi o aumento consider\u00e1vel de repasses ao Cons\u00f3rcio Intermunicipal de Sa\u00fade do Cariri (Cisco), \u201cO prefeito \u00c9den tem um olhar diferenciado para a sa\u00fade, quando ele assumiu em 2017, o valor repassado para o Cisco era de R$ 360 mil, fechamos o ano de 2018 com investimentos no valor de R$ 430 mil\u201d, informou Sandra.<\/p>\n\n\n\n<p>Al\u00e9m da secret\u00e1ria de Sa\u00fade, participaram da audi\u00eancia, o presidente da C\u00e2mara de Vereadores, Bomba, o vereador Jos\u00e9 Ant\u00f4nio, a coordenadora da Aten\u00e7\u00e3o B\u00e1sica, Anna Magda, Niedja Rodrigues, Severina Bezerra (Conselho Municipal do Idoso), Jos\u00e9lia Alc\u00e2ntara de Macedo (representante da Igreja Cat\u00f3lica) e Maria Ivanete Barros da Silva (representante do Cisco).<\/p>\n\n\n\n<p>Ascom<\/p>\n","protected":false},"excerpt":{"rendered":"<p>A Secretaria de Sa\u00fade de Sum\u00e9 realizou na ter\u00e7a-feira (17), na C\u00e2mara de Vereadores de Sum\u00e9, uma audi\u00eancia p\u00fablica para presta\u00e7\u00e3o de contas dos oito&hellip; <\/p>\n","protected":false},"author":1,"featured_media":141820,"comment_status":"closed","ping_status":"closed","sticky":false,"template":"","format":"standard","meta":{"sfsi_plus_gutenberg_text_before_share":"","sfsi_plus_gutenberg_show_text_before_share":"","sfsi_plus_gutenberg_icon_type":"","sfsi_plus_gutenberg_icon_alignemt":"","sfsi_plus_gutenburg_max_per_row":"","footnotes":""},"categories":[6],"tags":[],"class_list":["post-141819","post","type-post","status-publish","format-standard","has-post-thumbnail","hentry","category-cidades"],"_links":{"self":[{"href":"https:\/\/www.caririemacao.com\/1\/wp-json\/wp\/v2\/posts\/141819","targetHints":{"allow":["GET"]}}],"collection":[{"href":"https:\/\/www.caririemacao.com\/1\/wp-json\/wp\/v2\/posts"}],"about":[{"href":"https:\/\/www.caririemacao.com\/1\/wp-json\/wp\/v2\/types\/post"}],"author":[{"embeddable":true,"href":"https:\/\/www.caririemacao.com\/1\/wp-json\/wp\/v2\/users\/1"}],"replies":[{"embeddable":true,"href":"https:\/\/www.caririemacao.com\/1\/wp-json\/wp\/v2\/comments?post=141819"}],"version-history":[{"count":1,"href":"https:\/\/www.caririemacao.com\/1\/wp-json\/wp\/v2\/posts\/141819\/revisions"}],"predecessor-version":[{"id":141821,"href":"https:\/\/www.caririemacao.com\/1\/wp-json\/wp\/v2\/posts\/141819\/revisions\/141821"}],"wp:featuredmedia":[{"embeddable":true,"href":"https:\/\/www.caririemacao.com\/1\/wp-json\/wp\/v2\/media\/141820"}],"wp:attachment":[{"href":"https:\/\/www.caririemacao.com\/1\/wp-json\/wp\/v2\/media?parent=141819"}],"wp:term":[{"taxonomy":"category","embeddable":true,"href":"https:\/\/www.caririemacao.com\/1\/wp-json\/wp\/v2\/categories?post=141819"},{"taxonomy":"post_tag","embeddable":true,"href":"https:\/\/www.caririemacao.com\/1\/wp-json\/wp\/v2\/tags?post=141819"}],"curies":[{"name":"wp","href":"https:\/\/api.w.org\/{rel}","templated":true}]}}