{"id":141825,"date":"2019-12-19T13:10:03","date_gmt":"2019-12-19T16:10:03","guid":{"rendered":"http:\/\/www.caririemacao.com\/1\/?p=141825"},"modified":"2019-12-19T13:10:03","modified_gmt":"2019-12-19T16:10:03","slug":"prefeitura-de-sume-e-tribunal-de-justica-da-paraiba-assinam-segundo-termo-de-cooperacao-tecnica-e-administrativa","status":"publish","type":"post","link":"https:\/\/www.caririemacao.com\/1\/2019\/12\/19\/prefeitura-de-sume-e-tribunal-de-justica-da-paraiba-assinam-segundo-termo-de-cooperacao-tecnica-e-administrativa\/","title":{"rendered":"Prefeitura de Sum\u00e9 e Tribunal de Justi\u00e7a da Para\u00edba assinam segundo termo de coopera\u00e7\u00e3o t\u00e9cnica e administrativa"},"content":{"rendered":"\n<p>A Prefeitura de Sum\u00e9 e o Tribunal de Justi\u00e7a da Para\u00edba (TJPB) oficializaram um segundo termo aditivo para prorroga\u00e7\u00e3o, por mais um ano, do conv\u00eanio 030\/2017. O processo prev\u00ea um acordo de coopera\u00e7\u00e3o t\u00e9cnica e administrativa que inclui a cess\u00e3o de servidores municipais para a Comarca de Sum\u00e9, no F\u00f3rum Des. Arquimedes Souto Maior Filho.<\/p>\n\n\n\n<p>Atrav\u00e9s dessa parceria entre Prefeitura Municipal e o Tribunal de Justi\u00e7a da Para\u00edba, seis servidores municipais foram cedidos \u00e0 Comarca de Sum\u00e9 com o objetivo de colaborar com a operacionaliza\u00e7\u00e3o e efici\u00eancia dos processos administrativos da institui\u00e7\u00e3o.<\/p>\n\n\n\n<p>O prefeito \u00c9den, tamb\u00e9m tem pleiteado junto aos \u00f3rg\u00e3os competentes a indica\u00e7\u00e3o de um juiz titular e de um Defensor P\u00fablico para o munic\u00edpio de Sum\u00e9.<\/p>\n\n\n\n<p>Ascom PMS<\/p>\n","protected":false},"excerpt":{"rendered":"<p>A Prefeitura de Sum\u00e9 e o Tribunal de Justi\u00e7a da Para\u00edba (TJPB) oficializaram um segundo termo aditivo para prorroga\u00e7\u00e3o, por mais um ano, do conv\u00eanio&hellip; <\/p>\n","protected":false},"author":1,"featured_media":135301,"comment_status":"closed","ping_status":"closed","sticky":false,"template":"","format":"standard","meta":{"sfsi_plus_gutenberg_text_before_share":"","sfsi_plus_gutenberg_show_text_before_share":"","sfsi_plus_gutenberg_icon_type":"","sfsi_plus_gutenberg_icon_alignemt":"","sfsi_plus_gutenburg_max_per_row":"","footnotes":""},"categories":[50,2],"tags":[],"class_list":["post-141825","post","type-post","status-publish","format-standard","has-post-thumbnail","hentry","category-destaque","category-geral"],"_links":{"self":[{"href":"https:\/\/www.caririemacao.com\/1\/wp-json\/wp\/v2\/posts\/141825","targetHints":{"allow":["GET"]}}],"collection":[{"href":"https:\/\/www.caririemacao.com\/1\/wp-json\/wp\/v2\/posts"}],"about":[{"href":"https:\/\/www.caririemacao.com\/1\/wp-json\/wp\/v2\/types\/post"}],"author":[{"embeddable":true,"href":"https:\/\/www.caririemacao.com\/1\/wp-json\/wp\/v2\/users\/1"}],"replies":[{"embeddable":true,"href":"https:\/\/www.caririemacao.com\/1\/wp-json\/wp\/v2\/comments?post=141825"}],"version-history":[{"count":1,"href":"https:\/\/www.caririemacao.com\/1\/wp-json\/wp\/v2\/posts\/141825\/revisions"}],"predecessor-version":[{"id":141827,"href":"https:\/\/www.caririemacao.com\/1\/wp-json\/wp\/v2\/posts\/141825\/revisions\/141827"}],"wp:featuredmedia":[{"embeddable":true,"href":"https:\/\/www.caririemacao.com\/1\/wp-json\/wp\/v2\/media\/135301"}],"wp:attachment":[{"href":"https:\/\/www.caririemacao.com\/1\/wp-json\/wp\/v2\/media?parent=141825"}],"wp:term":[{"taxonomy":"category","embeddable":true,"href":"https:\/\/www.caririemacao.com\/1\/wp-json\/wp\/v2\/categories?post=141825"},{"taxonomy":"post_tag","embeddable":true,"href":"https:\/\/www.caririemacao.com\/1\/wp-json\/wp\/v2\/tags?post=141825"}],"curies":[{"name":"wp","href":"https:\/\/api.w.org\/{rel}","templated":true}]}}