{"id":141837,"date":"2019-12-19T14:05:55","date_gmt":"2019-12-19T17:05:55","guid":{"rendered":"http:\/\/www.caririemacao.com\/1\/?p=141837"},"modified":"2019-12-19T14:05:55","modified_gmt":"2019-12-19T17:05:55","slug":"em-amparo-boletos-para-contrapartida-do-garantia-safra-2019-2020-estao-sendo-entregues","status":"publish","type":"post","link":"https:\/\/www.caririemacao.com\/1\/2019\/12\/19\/em-amparo-boletos-para-contrapartida-do-garantia-safra-2019-2020-estao-sendo-entregues\/","title":{"rendered":"Em Amparo: Boletos para contrapartida do Garantia Safra 2019\/2020 est\u00e3o sendo entregues"},"content":{"rendered":"\n<p>A Prefeitura de Amparo atrav\u00e9s da Secretaria Municipal de Agricultura e Abastecimento comunica aos agricultores do munic\u00edpio que os boletos do Garantia Safra 2019\/2020, j\u00e1 est\u00e3o sendo entregues na sede da referida secretaria.<\/p>\n\n\n\n<p>Em tempo, o secret\u00e1rio de agricultura e abastecimento Paulo Henrique Soares informa que os agricultores ter\u00e3o at\u00e9 o pr\u00f3ximo dia 31 de dezembro para efetuar seu pagamento como contrapartida.<\/p>\n\n\n\n<p>Informa ainda que a prefeitura na gest\u00e3o administrativa do prefeito In\u00e1cio N\u00f3brega tamb\u00e9m j\u00e1 assinou o conv\u00eanio e efetuou o devido pagamento de contrapartida no tocante \u00e0 gest\u00e3o municipal.<\/p>\n\n\n\n<p><\/p>\n\n\n\n<p>Fonte: Ascom<\/p>\n","protected":false},"excerpt":{"rendered":"<p>A Prefeitura de Amparo atrav\u00e9s da Secretaria Municipal de Agricultura e Abastecimento comunica aos agricultores do munic\u00edpio que os boletos do Garantia Safra 2019\/2020, j\u00e1&hellip; <\/p>\n","protected":false},"author":1,"featured_media":64643,"comment_status":"closed","ping_status":"closed","sticky":false,"template":"","format":"standard","meta":{"sfsi_plus_gutenberg_text_before_share":"","sfsi_plus_gutenberg_show_text_before_share":"","sfsi_plus_gutenberg_icon_type":"","sfsi_plus_gutenberg_icon_alignemt":"","sfsi_plus_gutenburg_max_per_row":"","footnotes":""},"categories":[6],"tags":[],"class_list":["post-141837","post","type-post","status-publish","format-standard","has-post-thumbnail","hentry","category-cidades"],"_links":{"self":[{"href":"https:\/\/www.caririemacao.com\/1\/wp-json\/wp\/v2\/posts\/141837","targetHints":{"allow":["GET"]}}],"collection":[{"href":"https:\/\/www.caririemacao.com\/1\/wp-json\/wp\/v2\/posts"}],"about":[{"href":"https:\/\/www.caririemacao.com\/1\/wp-json\/wp\/v2\/types\/post"}],"author":[{"embeddable":true,"href":"https:\/\/www.caririemacao.com\/1\/wp-json\/wp\/v2\/users\/1"}],"replies":[{"embeddable":true,"href":"https:\/\/www.caririemacao.com\/1\/wp-json\/wp\/v2\/comments?post=141837"}],"version-history":[{"count":1,"href":"https:\/\/www.caririemacao.com\/1\/wp-json\/wp\/v2\/posts\/141837\/revisions"}],"predecessor-version":[{"id":141838,"href":"https:\/\/www.caririemacao.com\/1\/wp-json\/wp\/v2\/posts\/141837\/revisions\/141838"}],"wp:featuredmedia":[{"embeddable":true,"href":"https:\/\/www.caririemacao.com\/1\/wp-json\/wp\/v2\/media\/64643"}],"wp:attachment":[{"href":"https:\/\/www.caririemacao.com\/1\/wp-json\/wp\/v2\/media?parent=141837"}],"wp:term":[{"taxonomy":"category","embeddable":true,"href":"https:\/\/www.caririemacao.com\/1\/wp-json\/wp\/v2\/categories?post=141837"},{"taxonomy":"post_tag","embeddable":true,"href":"https:\/\/www.caririemacao.com\/1\/wp-json\/wp\/v2\/tags?post=141837"}],"curies":[{"name":"wp","href":"https:\/\/api.w.org\/{rel}","templated":true}]}}