{"id":141855,"date":"2019-12-19T14:20:14","date_gmt":"2019-12-19T17:20:14","guid":{"rendered":"http:\/\/www.caririemacao.com\/1\/?p=141855"},"modified":"2019-12-19T14:20:14","modified_gmt":"2019-12-19T17:20:14","slug":"prefeitura-de-sume-altera-expediente-na-vespera-de-natal","status":"publish","type":"post","link":"https:\/\/www.caririemacao.com\/1\/2019\/12\/19\/prefeitura-de-sume-altera-expediente-na-vespera-de-natal\/","title":{"rendered":"Prefeitura de Sum\u00e9 altera expediente na v\u00e9spera de Natal"},"content":{"rendered":"\n<p>O prefeito de Sum\u00e9, \u00c9den Duarte, expediu decreto nesta ter\u00e7a-feira (18), alterando o expediente da Prefeitura de Sum\u00e9, na v\u00e9spera de Natal.<\/p>\n\n\n\n<p>Confira:<\/p>\n\n\n\n<p>Alterar o expediente nas reparti\u00e7\u00f5es p\u00fablicas municipais da Administra\u00e7\u00e3o Direta e Indireta do Poder Executivo, na forma abaixo, em virtude do per\u00edodo natalino, devendo ser preservado o funcionamento dos servi\u00e7os essenciais (coleta de lixo, atendimento hospitalar, Conselho Tutelar e cong\u00eaneres).<\/p>\n\n\n\n<p>I &#8211; Dia 23.12.2019 (segunda-feira) \u2013 Expediente Interno nas Reparti\u00e7\u00f5es P\u00fablicas da Administra\u00e7\u00e3o Direta e Indireta do Poder Executivo, salvo Secretaria de Obras, Servi\u00e7os Rurais e Meio Ambiente;<br>\nII &#8211; Dia 24.12.2019 (ter\u00e7a-feira) \u2013 Fechamento das Reparti\u00e7\u00f5es P\u00fablicas da Administra\u00e7\u00e3o Direta e Indireta do Poder Executivo;<br>\nIII \u2013 Dia 25.12.2019 (quarta-feira) Natal \u2013 Feriado Nacional<\/p>\n\n\n\n<p>O decreto foi publicado no Boletim Oficial do munic\u00edpio desta quinta-feira (19\/12).<\/p>\n","protected":false},"excerpt":{"rendered":"<p>O prefeito de Sum\u00e9, \u00c9den Duarte, expediu decreto nesta ter\u00e7a-feira (18), alterando o expediente da Prefeitura de Sum\u00e9, na v\u00e9spera de Natal. Confira: Alterar o&hellip; <\/p>\n","protected":false},"author":1,"featured_media":47456,"comment_status":"closed","ping_status":"closed","sticky":false,"template":"","format":"standard","meta":{"sfsi_plus_gutenberg_text_before_share":"","sfsi_plus_gutenberg_show_text_before_share":"","sfsi_plus_gutenberg_icon_type":"","sfsi_plus_gutenberg_icon_alignemt":"","sfsi_plus_gutenburg_max_per_row":"","footnotes":""},"categories":[6],"tags":[],"class_list":["post-141855","post","type-post","status-publish","format-standard","has-post-thumbnail","hentry","category-cidades"],"_links":{"self":[{"href":"https:\/\/www.caririemacao.com\/1\/wp-json\/wp\/v2\/posts\/141855","targetHints":{"allow":["GET"]}}],"collection":[{"href":"https:\/\/www.caririemacao.com\/1\/wp-json\/wp\/v2\/posts"}],"about":[{"href":"https:\/\/www.caririemacao.com\/1\/wp-json\/wp\/v2\/types\/post"}],"author":[{"embeddable":true,"href":"https:\/\/www.caririemacao.com\/1\/wp-json\/wp\/v2\/users\/1"}],"replies":[{"embeddable":true,"href":"https:\/\/www.caririemacao.com\/1\/wp-json\/wp\/v2\/comments?post=141855"}],"version-history":[{"count":1,"href":"https:\/\/www.caririemacao.com\/1\/wp-json\/wp\/v2\/posts\/141855\/revisions"}],"predecessor-version":[{"id":141856,"href":"https:\/\/www.caririemacao.com\/1\/wp-json\/wp\/v2\/posts\/141855\/revisions\/141856"}],"wp:featuredmedia":[{"embeddable":true,"href":"https:\/\/www.caririemacao.com\/1\/wp-json\/wp\/v2\/media\/47456"}],"wp:attachment":[{"href":"https:\/\/www.caririemacao.com\/1\/wp-json\/wp\/v2\/media?parent=141855"}],"wp:term":[{"taxonomy":"category","embeddable":true,"href":"https:\/\/www.caririemacao.com\/1\/wp-json\/wp\/v2\/categories?post=141855"},{"taxonomy":"post_tag","embeddable":true,"href":"https:\/\/www.caririemacao.com\/1\/wp-json\/wp\/v2\/tags?post=141855"}],"curies":[{"name":"wp","href":"https:\/\/api.w.org\/{rel}","templated":true}]}}