{"id":141865,"date":"2019-12-19T21:25:54","date_gmt":"2019-12-20T00:25:54","guid":{"rendered":"http:\/\/www.caririemacao.com\/1\/?p=141865"},"modified":"2019-12-19T21:28:46","modified_gmt":"2019-12-20T00:28:46","slug":"prefeitura-de-ouro-velho-realiza-confraternizacao-para-os-funcionarios","status":"publish","type":"post","link":"https:\/\/www.caririemacao.com\/1\/2019\/12\/19\/prefeitura-de-ouro-velho-realiza-confraternizacao-para-os-funcionarios\/","title":{"rendered":"Prefeitura de Ouro Velho realiza confraterniza\u00e7\u00e3o para os funcion\u00e1rios"},"content":{"rendered":"\n<p>Na noite desta quinta-feira, dia 19, a Prefeitura de Ouro Velho realizou a confraterniza\u00e7\u00e3o com os funcion\u00e1rios. <\/p>\n\n\n\n<figure class=\"wp-block-image\"><img fetchpriority=\"high\" decoding=\"async\" width=\"1024\" height=\"768\" src=\"http:\/\/www.caririemacao.com\/1\/wp-content\/uploads\/2019\/12\/IMG-20191219-WA0489-1024x768.jpg\" alt=\"\" class=\"wp-image-141867\" srcset=\"https:\/\/www.caririemacao.com\/1\/wp-content\/uploads\/2019\/12\/IMG-20191219-WA0489-1024x768.jpg 1024w, https:\/\/www.caririemacao.com\/1\/wp-content\/uploads\/2019\/12\/IMG-20191219-WA0489-300x225.jpg 300w, https:\/\/www.caririemacao.com\/1\/wp-content\/uploads\/2019\/12\/IMG-20191219-WA0489-768x576.jpg 768w, https:\/\/www.caririemacao.com\/1\/wp-content\/uploads\/2019\/12\/IMG-20191219-WA0489.jpg 1280w\" sizes=\"(max-width: 1024px) 100vw, 1024px\" \/><\/figure>\n\n\n\n<p>Foi uma noite de grande alegria. O evento contou com v\u00e1rias homenagens, um jantar delicioso e m\u00fasica ao vivo com Jackson Monteiro.<\/p>\n\n\n\n<p>O l\u00edder pol\u00edtico Dr. J\u00fanior, esposo da prefeita Nat\u00e1lia, agradeceu a presen\u00e7a de todos e desejou um feliz natal e um pr\u00f3spero ano novo.&nbsp;<\/p>\n\n\n\n<p>Em seu discurso, Dr. J\u00fanior disse que a festa \u00e9 uma forma de retribui\u00e7\u00e3o e agradecimento pelos relevantes servi\u00e7os que cada servidor tem desempenhado no Munic\u00edpio.<\/p>\n","protected":false},"excerpt":{"rendered":"<p>Na noite desta quinta-feira, dia 19, a Prefeitura de Ouro Velho realizou a confraterniza\u00e7\u00e3o com os funcion\u00e1rios. Foi uma noite de grande alegria. O evento&hellip; <\/p>\n","protected":false},"author":1,"featured_media":141866,"comment_status":"closed","ping_status":"closed","sticky":false,"template":"","format":"standard","meta":{"sfsi_plus_gutenberg_text_before_share":"","sfsi_plus_gutenberg_show_text_before_share":"","sfsi_plus_gutenberg_icon_type":"","sfsi_plus_gutenberg_icon_alignemt":"","sfsi_plus_gutenburg_max_per_row":"","footnotes":""},"categories":[6,50],"tags":[],"class_list":["post-141865","post","type-post","status-publish","format-standard","has-post-thumbnail","hentry","category-cidades","category-destaque"],"_links":{"self":[{"href":"https:\/\/www.caririemacao.com\/1\/wp-json\/wp\/v2\/posts\/141865","targetHints":{"allow":["GET"]}}],"collection":[{"href":"https:\/\/www.caririemacao.com\/1\/wp-json\/wp\/v2\/posts"}],"about":[{"href":"https:\/\/www.caririemacao.com\/1\/wp-json\/wp\/v2\/types\/post"}],"author":[{"embeddable":true,"href":"https:\/\/www.caririemacao.com\/1\/wp-json\/wp\/v2\/users\/1"}],"replies":[{"embeddable":true,"href":"https:\/\/www.caririemacao.com\/1\/wp-json\/wp\/v2\/comments?post=141865"}],"version-history":[{"count":2,"href":"https:\/\/www.caririemacao.com\/1\/wp-json\/wp\/v2\/posts\/141865\/revisions"}],"predecessor-version":[{"id":141870,"href":"https:\/\/www.caririemacao.com\/1\/wp-json\/wp\/v2\/posts\/141865\/revisions\/141870"}],"wp:featuredmedia":[{"embeddable":true,"href":"https:\/\/www.caririemacao.com\/1\/wp-json\/wp\/v2\/media\/141866"}],"wp:attachment":[{"href":"https:\/\/www.caririemacao.com\/1\/wp-json\/wp\/v2\/media?parent=141865"}],"wp:term":[{"taxonomy":"category","embeddable":true,"href":"https:\/\/www.caririemacao.com\/1\/wp-json\/wp\/v2\/categories?post=141865"},{"taxonomy":"post_tag","embeddable":true,"href":"https:\/\/www.caririemacao.com\/1\/wp-json\/wp\/v2\/tags?post=141865"}],"curies":[{"name":"wp","href":"https:\/\/api.w.org\/{rel}","templated":true}]}}