{"id":141871,"date":"2019-12-20T07:19:53","date_gmt":"2019-12-20T10:19:53","guid":{"rendered":"http:\/\/www.caririemacao.com\/1\/?p=141871"},"modified":"2019-12-20T07:19:53","modified_gmt":"2019-12-20T10:19:53","slug":"ricardo-coutinho-e-preso-ao-voltar-de-viagem-da-turquia-e-passa-a-noite-na-sede-da-pf-veja-video","status":"publish","type":"post","link":"https:\/\/www.caririemacao.com\/1\/2019\/12\/20\/ricardo-coutinho-e-preso-ao-voltar-de-viagem-da-turquia-e-passa-a-noite-na-sede-da-pf-veja-video\/","title":{"rendered":"Ricardo Coutinho \u00e9 preso ao voltar de viagem da Turquia e passa a noite na sede da PF; VEJA V\u00cdDEO"},"content":{"rendered":"\n<p>O ex-governador Ricardo Coutinho (PSB) chegou na madrugada desta sexta-feira (20) na sede da Pol\u00edcia Federal em Jo\u00e3o Pessoa, ap\u00f3s ser preso ao desembarcar no aeroporto de Natal (RN). Toda a imprensa estava no local aguardando a chegada de Ricardo e a comitiva da Pol\u00edcia Federal, mas os policiais preferiram despistar os jornalistas entrando pelas portas do fundo do pr\u00e9dio da PF.<\/p>\n\n\n\n<p>O advogado Eduardo Cavalcanti, que atua na defesa de Coutinho, disse que vai aguardar pela audi\u00eancia de cust\u00f3dia e que Ricardo est\u00e1 bem e tranquilo. \u201cEle se mostra surpreso e espera que seja revogada essa pris\u00e3o o mais r\u00e1pido poss\u00edvel\u201d, afirmou.<\/p>\n\n\n\n<figure><iframe width=\"500\" height=\"281\" data-src=\"https:\/\/www.youtube.com\/embed\/YNyBLYAfMjc?feature=oembed\" allowfullscreen=\"\" src=\"data:image\/svg+xml;base64,PHN2ZyB3aWR0aD0iMSIgaGVpZ2h0PSIxIiB4bWxucz0iaHR0cDovL3d3dy53My5vcmcvMjAwMC9zdmciPjwvc3ZnPg==\" class=\"lazyload\" data-load-mode=\"1\"><\/iframe><\/figure>\n\n\n\n<p>O ex-governador recebeu voz de pris\u00e3o ao descer de um voo internacional vindo de Lisboa, Portugal. Contra ele havia um mandado de pris\u00e3o preventiva em aberto no \u00e2mbito da Opera\u00e7\u00e3o Calv\u00e1rio \u2013 O Ju\u00edzo Final. Coutinho, segundo o Minist\u00e9rio P\u00fablico da Para\u00edba (MPPB), \u00e9 apontado como l\u00edder de uma organiza\u00e7\u00e3o criminosa que teria desviado recursos em contratos firmados durante a gest\u00e3o do socialista nas Secretarias de Sa\u00fade e Educa\u00e7\u00e3o.<\/p>\n\n\n\n<p>O filho do ex-gestor, Rico Coutinho, foi at\u00e9 \u00e0 sede da PF deixar um ventilador e outros materiais para Ricardo.<\/p>\n","protected":false},"excerpt":{"rendered":"<p>O ex-governador Ricardo Coutinho (PSB) chegou na madrugada desta sexta-feira (20) na sede da Pol\u00edcia Federal em Jo\u00e3o Pessoa, ap\u00f3s ser preso ao desembarcar no&hellip; <\/p>\n","protected":false},"author":1,"featured_media":141872,"comment_status":"closed","ping_status":"closed","sticky":false,"template":"","format":"standard","meta":{"sfsi_plus_gutenberg_text_before_share":"","sfsi_plus_gutenberg_show_text_before_share":"","sfsi_plus_gutenberg_icon_type":"","sfsi_plus_gutenberg_icon_alignemt":"","sfsi_plus_gutenburg_max_per_row":"","footnotes":""},"categories":[50,11],"tags":[],"class_list":["post-141871","post","type-post","status-publish","format-standard","has-post-thumbnail","hentry","category-destaque","category-politica"],"_links":{"self":[{"href":"https:\/\/www.caririemacao.com\/1\/wp-json\/wp\/v2\/posts\/141871","targetHints":{"allow":["GET"]}}],"collection":[{"href":"https:\/\/www.caririemacao.com\/1\/wp-json\/wp\/v2\/posts"}],"about":[{"href":"https:\/\/www.caririemacao.com\/1\/wp-json\/wp\/v2\/types\/post"}],"author":[{"embeddable":true,"href":"https:\/\/www.caririemacao.com\/1\/wp-json\/wp\/v2\/users\/1"}],"replies":[{"embeddable":true,"href":"https:\/\/www.caririemacao.com\/1\/wp-json\/wp\/v2\/comments?post=141871"}],"version-history":[{"count":1,"href":"https:\/\/www.caririemacao.com\/1\/wp-json\/wp\/v2\/posts\/141871\/revisions"}],"predecessor-version":[{"id":141873,"href":"https:\/\/www.caririemacao.com\/1\/wp-json\/wp\/v2\/posts\/141871\/revisions\/141873"}],"wp:featuredmedia":[{"embeddable":true,"href":"https:\/\/www.caririemacao.com\/1\/wp-json\/wp\/v2\/media\/141872"}],"wp:attachment":[{"href":"https:\/\/www.caririemacao.com\/1\/wp-json\/wp\/v2\/media?parent=141871"}],"wp:term":[{"taxonomy":"category","embeddable":true,"href":"https:\/\/www.caririemacao.com\/1\/wp-json\/wp\/v2\/categories?post=141871"},{"taxonomy":"post_tag","embeddable":true,"href":"https:\/\/www.caririemacao.com\/1\/wp-json\/wp\/v2\/tags?post=141871"}],"curies":[{"name":"wp","href":"https:\/\/api.w.org\/{rel}","templated":true}]}}