{"id":141876,"date":"2019-12-20T07:22:43","date_gmt":"2019-12-20T10:22:43","guid":{"rendered":"http:\/\/www.caririemacao.com\/1\/?p=141876"},"modified":"2019-12-20T07:22:43","modified_gmt":"2019-12-20T10:22:43","slug":"mais-uma-unidade-de-saude-da-familia-e-reformada-e-ampliada-em-monteiro","status":"publish","type":"post","link":"https:\/\/www.caririemacao.com\/1\/2019\/12\/20\/mais-uma-unidade-de-saude-da-familia-e-reformada-e-ampliada-em-monteiro\/","title":{"rendered":"Mais uma Unidade de Sa\u00fade da Fam\u00edlia \u00e9 reformada e ampliada em Monteiro"},"content":{"rendered":"\n<p>As comunidades de v\u00e1rios bairros de Monteiro, tendo como principal &nbsp;os moradores residentes nas imedia\u00e7\u00f5es do Matadouro P\u00fablico, recebeu na tarde desta quarta-feira, 19, um presente da administra\u00e7\u00e3o municipal que melhora ainda mais as condi\u00e7\u00f5es de atendimento e comodidade da popula\u00e7\u00e3o, que foi a reinaugura\u00e7\u00e3o da Unidade de Sa\u00fade da Fam\u00edlia III.<\/p>\n\n\n\n<div class=\"wp-block-image\"><figure class=\"alignright\"><img decoding=\"async\" data-src=\"http:\/\/deolhonocariri.com.br\/wp-content\/uploads\/2019\/12\/Mais-uma-Unidade-de-Sa%C3%BAde-da-Fam%C3%ADlia-%C3%A9-reformada-e-ampliada-em-Monteiro-6.jpeg\" alt=\"\" class=\"wp-image-75438 lazyload\" src=\"data:image\/svg+xml;base64,PHN2ZyB3aWR0aD0iMSIgaGVpZ2h0PSIxIiB4bWxucz0iaHR0cDovL3d3dy53My5vcmcvMjAwMC9zdmciPjwvc3ZnPg==\" \/><\/figure><\/div>\n\n\n\n<p>As instala\u00e7\u00f5es reformadas e ampliadas atendem 2.783 monteirenses cadastrados com marca\u00e7\u00e3o de consultas cl\u00ednicas, vacina\u00e7\u00e3o, atendimento odontol\u00f3gico, acompanhamento gestacional, coleta de material para exames citol\u00f3gicos, entre outros.<\/p>\n\n\n\n<p>No momento da entrega, os familiares do homenageado que nomeia a unidade de sa\u00fade Jos\u00e9 Wilton Nunes de Melo (Piaza), agradeceram a prefeita Anna Lorena a homenagem ao ente querido. Por sua vez a gestora reconheceu a contribui\u00e7\u00e3o de \u201cPiaza\u201d para os monteirenses e falou tamb\u00e9m sobre as dificuldades enfrentadas at\u00e9 a entrega de fato da obra.<br>Ainda com a palavra, Anna Lorena apresentou a equipe de trabalho da UBS III e agradeceu o empenho de todos os funcion\u00e1rios que trabalharam e contribu\u00edram para a t\u00e3o esperada entrega.<\/p>\n\n\n\n<p>Em entrevista, logo ap\u00f3s a cerim\u00f4nia de reinaugura\u00e7\u00e3o, a gestora disse \u201cAgrade\u00e7o a Deus que nos permitiu entregar mais uma obra de grande import\u00e2ncia. Sabemos que uma unidade sa\u00fade atende diariamente centenas de pessoas e esta reforma e amplia\u00e7\u00e3o vem para melhor atender e oferecer ainda mais qualidade seja na espera ou em qualquer outra situa\u00e7\u00e3o que seja necess\u00e1ria para os pacientes. \u00c9 com muita alegria e emo\u00e7\u00e3o que agrade\u00e7o a todos os envolvidos e as secretarias que nos ap\u00f3iam tamb\u00e9m. Juntos vamos batalhar agora para a entrega da Unidade de Sa\u00fade da Fam\u00edlia do bairro do Alto da Serra\u201d, finalizou.<em>Ascom PMM<\/em><\/p>\n","protected":false},"excerpt":{"rendered":"<p>As comunidades de v\u00e1rios bairros de Monteiro, tendo como principal &nbsp;os moradores residentes nas imedia\u00e7\u00f5es do Matadouro P\u00fablico, recebeu na tarde desta quarta-feira, 19, um&hellip; <\/p>\n","protected":false},"author":1,"featured_media":141877,"comment_status":"closed","ping_status":"closed","sticky":false,"template":"","format":"standard","meta":{"sfsi_plus_gutenberg_text_before_share":"","sfsi_plus_gutenberg_show_text_before_share":"","sfsi_plus_gutenberg_icon_type":"","sfsi_plus_gutenberg_icon_alignemt":"","sfsi_plus_gutenburg_max_per_row":"","footnotes":""},"categories":[6],"tags":[],"class_list":["post-141876","post","type-post","status-publish","format-standard","has-post-thumbnail","hentry","category-cidades"],"_links":{"self":[{"href":"https:\/\/www.caririemacao.com\/1\/wp-json\/wp\/v2\/posts\/141876","targetHints":{"allow":["GET"]}}],"collection":[{"href":"https:\/\/www.caririemacao.com\/1\/wp-json\/wp\/v2\/posts"}],"about":[{"href":"https:\/\/www.caririemacao.com\/1\/wp-json\/wp\/v2\/types\/post"}],"author":[{"embeddable":true,"href":"https:\/\/www.caririemacao.com\/1\/wp-json\/wp\/v2\/users\/1"}],"replies":[{"embeddable":true,"href":"https:\/\/www.caririemacao.com\/1\/wp-json\/wp\/v2\/comments?post=141876"}],"version-history":[{"count":1,"href":"https:\/\/www.caririemacao.com\/1\/wp-json\/wp\/v2\/posts\/141876\/revisions"}],"predecessor-version":[{"id":141878,"href":"https:\/\/www.caririemacao.com\/1\/wp-json\/wp\/v2\/posts\/141876\/revisions\/141878"}],"wp:featuredmedia":[{"embeddable":true,"href":"https:\/\/www.caririemacao.com\/1\/wp-json\/wp\/v2\/media\/141877"}],"wp:attachment":[{"href":"https:\/\/www.caririemacao.com\/1\/wp-json\/wp\/v2\/media?parent=141876"}],"wp:term":[{"taxonomy":"category","embeddable":true,"href":"https:\/\/www.caririemacao.com\/1\/wp-json\/wp\/v2\/categories?post=141876"},{"taxonomy":"post_tag","embeddable":true,"href":"https:\/\/www.caririemacao.com\/1\/wp-json\/wp\/v2\/tags?post=141876"}],"curies":[{"name":"wp","href":"https:\/\/api.w.org\/{rel}","templated":true}]}}