{"id":141885,"date":"2019-12-20T07:26:17","date_gmt":"2019-12-20T10:26:17","guid":{"rendered":"http:\/\/www.caririemacao.com\/1\/?p=141885"},"modified":"2019-12-20T07:26:17","modified_gmt":"2019-12-20T10:26:17","slug":"ricardo-coutinho-perde-a-guarda-do-filho-menor-para-a-jornalista-pamela-borio","status":"publish","type":"post","link":"https:\/\/www.caririemacao.com\/1\/2019\/12\/20\/ricardo-coutinho-perde-a-guarda-do-filho-menor-para-a-jornalista-pamela-borio\/","title":{"rendered":"Ricardo Coutinho perde a guarda do filho menor para a jornalista P\u00e2mela B\u00f3rio"},"content":{"rendered":"\n<p>O Poder Judici\u00e1rio concedeu a guarda provis\u00f3ria do menor Henri Lorenzo B\u00f3rio Vieira Coutinho para a m\u00e3e, a jornalista P\u00e2mela B\u00f3rio, em decis\u00e3o da ju\u00edza substituta da 7\u00aa Vara da Fam\u00edlia da Capital, \u00c9rica Virg\u00ednia da Silva Pontes. Com a decis\u00e3o, a magistrada retira o direito de tutela da crian\u00e7a, que estava assegurada ao pai, o ex-governador Ricardo Coutinho.<\/p>\n\n\n\n<p>De acordo com a decis\u00e3o, a ju\u00edza \u00c9rica Virg\u00ednia da Silva Pontes tomou como base a inseguran\u00e7a jur\u00eddica e tutelar causada pelo pedido de pris\u00e3o preventiva de Ricardo Coutinho, alvo da s\u00e9tima fase da Opera\u00e7\u00e3o Calv\u00e1rio \u2013 Ju\u00edzo Final, deflagrada na \u00faltima ter\u00e7a-feira (17).<\/p>\n\n\n\n<p>\u201cDesta feita, diante das circunst\u00e2ncias atuais do caso concreto, n\u00e3o h\u00e1 como se afirmar que seja seguro atribuir responsabilidade ao pai\/promovido sobre o seu filho, posto o mesmo estar na imin\u00eancia de ser preso, caso em que ficar\u00e1 tolhido de sua liberdade de locomo\u00e7\u00e3o, n\u00e3o podendo prestar assist\u00eancia necess\u00e1ria ao seu filho, o qual certamente ficar\u00e1 aos cuidados de terceiros, sendo prudente permanecer aos cuidados de sua genitora, ao menos neste momento inicial, repita-se. H\u00e1 consenso de que \u00e9 salutar para uma crian\u00e7a inserida em cen\u00e1rio de tamanha inseguran\u00e7a emocional, que poder\u00e1 vir a causar danos a sua integridade f\u00edsica, ps\u00edquica e moral\u201d, diz trecho da senten\u00e7a.<\/p>\n\n\n\n<p><em>Com Wscom<\/em><\/p>\n","protected":false},"excerpt":{"rendered":"<p>O Poder Judici\u00e1rio concedeu a guarda provis\u00f3ria do menor Henri Lorenzo B\u00f3rio Vieira Coutinho para a m\u00e3e, a jornalista P\u00e2mela B\u00f3rio, em decis\u00e3o da ju\u00edza&hellip; <\/p>\n","protected":false},"author":1,"featured_media":141886,"comment_status":"closed","ping_status":"closed","sticky":false,"template":"","format":"standard","meta":{"sfsi_plus_gutenberg_text_before_share":"","sfsi_plus_gutenberg_show_text_before_share":"","sfsi_plus_gutenberg_icon_type":"","sfsi_plus_gutenberg_icon_alignemt":"","sfsi_plus_gutenburg_max_per_row":"","footnotes":""},"categories":[11],"tags":[],"class_list":["post-141885","post","type-post","status-publish","format-standard","has-post-thumbnail","hentry","category-politica"],"_links":{"self":[{"href":"https:\/\/www.caririemacao.com\/1\/wp-json\/wp\/v2\/posts\/141885","targetHints":{"allow":["GET"]}}],"collection":[{"href":"https:\/\/www.caririemacao.com\/1\/wp-json\/wp\/v2\/posts"}],"about":[{"href":"https:\/\/www.caririemacao.com\/1\/wp-json\/wp\/v2\/types\/post"}],"author":[{"embeddable":true,"href":"https:\/\/www.caririemacao.com\/1\/wp-json\/wp\/v2\/users\/1"}],"replies":[{"embeddable":true,"href":"https:\/\/www.caririemacao.com\/1\/wp-json\/wp\/v2\/comments?post=141885"}],"version-history":[{"count":1,"href":"https:\/\/www.caririemacao.com\/1\/wp-json\/wp\/v2\/posts\/141885\/revisions"}],"predecessor-version":[{"id":141887,"href":"https:\/\/www.caririemacao.com\/1\/wp-json\/wp\/v2\/posts\/141885\/revisions\/141887"}],"wp:featuredmedia":[{"embeddable":true,"href":"https:\/\/www.caririemacao.com\/1\/wp-json\/wp\/v2\/media\/141886"}],"wp:attachment":[{"href":"https:\/\/www.caririemacao.com\/1\/wp-json\/wp\/v2\/media?parent=141885"}],"wp:term":[{"taxonomy":"category","embeddable":true,"href":"https:\/\/www.caririemacao.com\/1\/wp-json\/wp\/v2\/categories?post=141885"},{"taxonomy":"post_tag","embeddable":true,"href":"https:\/\/www.caririemacao.com\/1\/wp-json\/wp\/v2\/tags?post=141885"}],"curies":[{"name":"wp","href":"https:\/\/api.w.org\/{rel}","templated":true}]}}