{"id":141898,"date":"2019-12-20T07:38:15","date_gmt":"2019-12-20T10:38:15","guid":{"rendered":"http:\/\/www.caririemacao.com\/1\/?p=141898"},"modified":"2019-12-20T07:38:15","modified_gmt":"2019-12-20T10:38:15","slug":"grave-acidente-com-veiculo-de-prefeitura-deixa-um-morto-e-seis-feridos","status":"publish","type":"post","link":"https:\/\/www.caririemacao.com\/1\/2019\/12\/20\/grave-acidente-com-veiculo-de-prefeitura-deixa-um-morto-e-seis-feridos\/","title":{"rendered":"Grave acidente com ve\u00edculo de prefeitura deixa um morto e seis feridos"},"content":{"rendered":"\n<p>Um grave acidente envolvendo um ve\u00edculo Chevrolet Spin, pertencente \u00e0 Secretaria Municipal de Sa\u00fade de Concei\u00e7\u00e3o,, no Sert\u00e3o da Para\u00edba, deixou uma pessoa morta e seis feriadas. O carro capotou por volta das 23h, desta quarta-feira (18), entre as cidades de Catingueira e Olho D\u00c1gua, trecho da Rodovia BR-361, na regi\u00e3o do Vale do Pianc\u00f3.<\/p>\n\n\n\n<p>De acordo com as informa\u00e7\u00f5es, o ve\u00edculo retornava com pacientes que fazem tratamento de sa\u00fade na cidade de Jo\u00e3o Pessoa. O motorista perdeu o controle do volante, que saiu da pista e capotou \u00e0s margens da rodovia.<\/p>\n\n\n\n<p>Segundo as informa\u00e7\u00f5es, no capotamento, um homem identificado at\u00e9 o momento apenas pelo nome de Cau\u00ea n\u00e3o resistiu aos ferimentos e morreu no local. Os outros cinco passageiros e o motorista do ve\u00edculo foram socorridos para os Hospitais de Patos e Pianc\u00f3, mas n\u00e3o correm maiores riscos.<\/p>\n\n\n\n<p><em>Di\u00e1rio do Curimata\u00fa<\/em><\/p>\n","protected":false},"excerpt":{"rendered":"<p>Um grave acidente envolvendo um ve\u00edculo Chevrolet Spin, pertencente \u00e0 Secretaria Municipal de Sa\u00fade de Concei\u00e7\u00e3o,, no Sert\u00e3o da Para\u00edba, deixou uma pessoa morta e&hellip; <\/p>\n","protected":false},"author":1,"featured_media":141899,"comment_status":"closed","ping_status":"closed","sticky":false,"template":"","format":"standard","meta":{"sfsi_plus_gutenberg_text_before_share":"","sfsi_plus_gutenberg_show_text_before_share":"","sfsi_plus_gutenberg_icon_type":"","sfsi_plus_gutenberg_icon_alignemt":"","sfsi_plus_gutenburg_max_per_row":"","footnotes":""},"categories":[12],"tags":[],"class_list":["post-141898","post","type-post","status-publish","format-standard","has-post-thumbnail","hentry","category-policia"],"_links":{"self":[{"href":"https:\/\/www.caririemacao.com\/1\/wp-json\/wp\/v2\/posts\/141898","targetHints":{"allow":["GET"]}}],"collection":[{"href":"https:\/\/www.caririemacao.com\/1\/wp-json\/wp\/v2\/posts"}],"about":[{"href":"https:\/\/www.caririemacao.com\/1\/wp-json\/wp\/v2\/types\/post"}],"author":[{"embeddable":true,"href":"https:\/\/www.caririemacao.com\/1\/wp-json\/wp\/v2\/users\/1"}],"replies":[{"embeddable":true,"href":"https:\/\/www.caririemacao.com\/1\/wp-json\/wp\/v2\/comments?post=141898"}],"version-history":[{"count":1,"href":"https:\/\/www.caririemacao.com\/1\/wp-json\/wp\/v2\/posts\/141898\/revisions"}],"predecessor-version":[{"id":141900,"href":"https:\/\/www.caririemacao.com\/1\/wp-json\/wp\/v2\/posts\/141898\/revisions\/141900"}],"wp:featuredmedia":[{"embeddable":true,"href":"https:\/\/www.caririemacao.com\/1\/wp-json\/wp\/v2\/media\/141899"}],"wp:attachment":[{"href":"https:\/\/www.caririemacao.com\/1\/wp-json\/wp\/v2\/media?parent=141898"}],"wp:term":[{"taxonomy":"category","embeddable":true,"href":"https:\/\/www.caririemacao.com\/1\/wp-json\/wp\/v2\/categories?post=141898"},{"taxonomy":"post_tag","embeddable":true,"href":"https:\/\/www.caririemacao.com\/1\/wp-json\/wp\/v2\/tags?post=141898"}],"curies":[{"name":"wp","href":"https:\/\/api.w.org\/{rel}","templated":true}]}}