{"id":141903,"date":"2019-12-20T07:40:58","date_gmt":"2019-12-20T10:40:58","guid":{"rendered":"http:\/\/www.caririemacao.com\/1\/?p=141903"},"modified":"2019-12-20T07:40:58","modified_gmt":"2019-12-20T10:40:58","slug":"prefeitura-recupera-mais-de-40-campos-de-futebol-em-monteiro","status":"publish","type":"post","link":"https:\/\/www.caririemacao.com\/1\/2019\/12\/20\/prefeitura-recupera-mais-de-40-campos-de-futebol-em-monteiro\/","title":{"rendered":"Prefeitura recupera mais de 40 campos de futebol em Monteiro"},"content":{"rendered":"\n<p>A Prefeitura de Monteiro, atrav\u00e9s da Secretaria de Agricultura Meio Ambiente e Desenvolvimento Sustent\u00e1vel, est\u00e1 finalizando os servi\u00e7os de recupera\u00e7\u00e3o dos campos de futebol de terra, espalhados em todas as comunidades rurais e urbanas do munic\u00edpio.<\/p>\n\n\n\n<p>A execu\u00e7\u00e3o dos servi\u00e7os vem atender uma demanda apresentada \u00e0 prefeita Anna Lorena, feita pelos presidentes de associa\u00e7\u00f5es rurais e pelos dirigentes das equipes que participam da Copa Dr. Chico de Futebol Amador, mais conhecida como \u201cRuralz\u00e3o\u201d, que conta anualmente com a participa\u00e7\u00e3o de 42 equipes desportivas, sendo 8 da cidade e 34 da zona rural do munic\u00edpio. A a\u00e7\u00e3o \u00e9 feita conjuntamente com a recupera\u00e7\u00e3o das estradas vicinais da zona rural.<\/p>\n\n\n\n<div class=\"wp-block-image\"><figure class=\"alignleft\"><img decoding=\"async\" data-src=\"https:\/\/i1.wp.com\/www.vitrinedocariri.com.br\/wp-content\/uploads\/2019\/12\/RURALZ%C3%83O-2020-Prefeitura-recupera-mais-de-40-campos-de-futebol-em-Monteiro-1.jpeg?zoom=2&amp;resize=330%2C220&amp;ssl=1\" alt=\"\" class=\"wp-image-60156 lazyload\" src=\"data:image\/svg+xml;base64,PHN2ZyB3aWR0aD0iMSIgaGVpZ2h0PSIxIiB4bWxucz0iaHR0cDovL3d3dy53My5vcmcvMjAwMC9zdmciPjwvc3ZnPg==\" \/><\/figure><\/div>\n\n\n\n<p>A cada ano, a competi\u00e7\u00e3o cresce em n\u00famero de equipes e envolve mais de 1.200 pessoas entre atletas, \u00e1rbitros, comiss\u00e3o t\u00e9cnica e comiss\u00e3o organizadora do evento, sendo considerada a maior competi\u00e7\u00e3o de futebol amador da Para\u00edba.<\/p>\n\n\n\n<p>Anna Lorena disse que a conclus\u00e3o dos servi\u00e7os foi programada de forma a coincidir com o in\u00edcio das f\u00e9rias escolares. \u201cAs crian\u00e7as da zona rural amam praticar esportes, principalmente o futebol, que pode ser praticado com qualquer n\u00famero de pessoas. E nosso governo tem tido uma aten\u00e7\u00e3o toda especial, para que as nossas crian\u00e7as possam se desenvolver da melhor forma. Outro detalhe \u00e9 que, praticamente, todos os finais de semana s\u00e3o realizados amistosos nos campos de terra e em todas as comunidades rurais s\u00e3o realizados minicampeonatos\u201d. Concluiu.<\/p>\n\n\n\n<div class=\"wp-block-image\"><figure class=\"alignleft\"><img decoding=\"async\" data-src=\"https:\/\/i2.wp.com\/www.vitrinedocariri.com.br\/wp-content\/uploads\/2019\/12\/RURALZ%C3%83O-2020-Prefeitura-recupera-mais-de-40-campos-de-futebol-em-Monteiro-3.jpeg?zoom=2&amp;resize=330%2C186&amp;ssl=1\" alt=\"\" class=\"wp-image-60158 lazyload\" src=\"data:image\/svg+xml;base64,PHN2ZyB3aWR0aD0iMSIgaGVpZ2h0PSIxIiB4bWxucz0iaHR0cDovL3d3dy53My5vcmcvMjAwMC9zdmciPjwvc3ZnPg==\" \/><\/figure><\/div>\n\n\n\n<p>Segundo dados oficiais da Secretaria de Agricultura, encaminhados ao gabinete da prefeita Anna Lorena, j\u00e1 foram recuperados os campos de futebol das comunidades do S\u00edtio Angiquinho, S\u00edtio Aroeiras, S\u00edtio Picos, S\u00edtio Bredos, S\u00edtio Rigideira, S\u00edtio Santa Catarina, S\u00edtio Espirito Santo, S\u00edtio Baixa Do Boi, S\u00edtio Cacimbinha, Pernambuquinho, S\u00edtio Picos, S\u00edtio Gameleira, S\u00edtio Barreiros, S\u00edtio Fartura, S\u00edtio Santana, S\u00edtio Macapa, S\u00edtio Malhada Da Pedra, S\u00edtio Malhada Vermelha, S\u00edtio Morcego, S\u00edtio Mulungu, S\u00edtio Olho D\u2019\u00e1gua Do Silva, S\u00edtio Pitombeira, S\u00edtio Riacho Do Meio, S\u00edtio Pocinhos, S\u00edtio Ruzil, S\u00edtio Serra Branca, S\u00edtio Serra Do Moco, S\u00edtio Do Meio, S\u00edtio Santa Catarina, S\u00edtio Ribeira, S\u00edtio Lagoa e S\u00edtio Barriguda.<\/p>\n\n\n\n<p>Em breve, ser\u00e3o finalizados os servi\u00e7os de recupera\u00e7\u00e3o dos campos da Vila Santa Maria, Mutir\u00e3o, S\u00edtio Pitombeira, Rua do Matadouro e S\u00edtio Serrote, totalizando 42 pra\u00e7as desportivas, que servir\u00e3o de espa\u00e7o de treino e prepara\u00e7\u00e3o para o Ruralz\u00e3o 2020.<\/p>\n","protected":false},"excerpt":{"rendered":"<p>A Prefeitura de Monteiro, atrav\u00e9s da Secretaria de Agricultura Meio Ambiente e Desenvolvimento Sustent\u00e1vel, est\u00e1 finalizando os servi\u00e7os de recupera\u00e7\u00e3o dos campos de futebol de&hellip; <\/p>\n","protected":false},"author":1,"featured_media":141904,"comment_status":"closed","ping_status":"closed","sticky":false,"template":"","format":"standard","meta":{"sfsi_plus_gutenberg_text_before_share":"","sfsi_plus_gutenberg_show_text_before_share":"","sfsi_plus_gutenberg_icon_type":"","sfsi_plus_gutenberg_icon_alignemt":"","sfsi_plus_gutenburg_max_per_row":"","footnotes":""},"categories":[6],"tags":[],"class_list":["post-141903","post","type-post","status-publish","format-standard","has-post-thumbnail","hentry","category-cidades"],"_links":{"self":[{"href":"https:\/\/www.caririemacao.com\/1\/wp-json\/wp\/v2\/posts\/141903","targetHints":{"allow":["GET"]}}],"collection":[{"href":"https:\/\/www.caririemacao.com\/1\/wp-json\/wp\/v2\/posts"}],"about":[{"href":"https:\/\/www.caririemacao.com\/1\/wp-json\/wp\/v2\/types\/post"}],"author":[{"embeddable":true,"href":"https:\/\/www.caririemacao.com\/1\/wp-json\/wp\/v2\/users\/1"}],"replies":[{"embeddable":true,"href":"https:\/\/www.caririemacao.com\/1\/wp-json\/wp\/v2\/comments?post=141903"}],"version-history":[{"count":1,"href":"https:\/\/www.caririemacao.com\/1\/wp-json\/wp\/v2\/posts\/141903\/revisions"}],"predecessor-version":[{"id":141905,"href":"https:\/\/www.caririemacao.com\/1\/wp-json\/wp\/v2\/posts\/141903\/revisions\/141905"}],"wp:featuredmedia":[{"embeddable":true,"href":"https:\/\/www.caririemacao.com\/1\/wp-json\/wp\/v2\/media\/141904"}],"wp:attachment":[{"href":"https:\/\/www.caririemacao.com\/1\/wp-json\/wp\/v2\/media?parent=141903"}],"wp:term":[{"taxonomy":"category","embeddable":true,"href":"https:\/\/www.caririemacao.com\/1\/wp-json\/wp\/v2\/categories?post=141903"},{"taxonomy":"post_tag","embeddable":true,"href":"https:\/\/www.caririemacao.com\/1\/wp-json\/wp\/v2\/tags?post=141903"}],"curies":[{"name":"wp","href":"https:\/\/api.w.org\/{rel}","templated":true}]}}