{"id":141908,"date":"2019-12-20T07:42:34","date_gmt":"2019-12-20T10:42:34","guid":{"rendered":"http:\/\/www.caririemacao.com\/1\/?p=141908"},"modified":"2019-12-20T07:42:34","modified_gmt":"2019-12-20T10:42:34","slug":"prefeita-de-monteiro-prorroga-validade-do-concurso-de-2017-por-dois-anos","status":"publish","type":"post","link":"https:\/\/www.caririemacao.com\/1\/2019\/12\/20\/prefeita-de-monteiro-prorroga-validade-do-concurso-de-2017-por-dois-anos\/","title":{"rendered":"Prefeita de Monteiro prorroga validade do concurso de 2017 por dois anos"},"content":{"rendered":"\n<p>A prefeita do munic\u00edpio de Monteiro, Anna Lorena, assinou no in\u00edcio da semana o Decreto N\u00ba 1.132 que prorroga em dois anos o concurso p\u00fablico N\u00b0 001\/2017.<\/p>\n\n\n\n<p>A prorroga\u00e7\u00e3o do concurso p\u00fablico realizado em 2017 possibilitar\u00e1 que a Prefeitura Municipal de Monteiro realize mais chamadas para o quadro de vagas do funcionalismo.Com mais de 15 convoca\u00e7\u00f5es para os concursos 001 e 002\/2017, a gest\u00e3o da prefeita Anna Lorena entra para a hist\u00f3ria do munic\u00edpio com o certame que mais convocou aprovados.J\u00e1 tomaram posse profissionais como T\u00e9cnicos Administrativos Plantonistas, Agentes de Portarias, Cozinheiros, Art\u00edfices, Auxiliar de Apoio Escolar, T\u00e9cnicos de Enfermagem, Condutor Socorrista, Condutor de Ve\u00edculo de Urg\u00eancia, Professores de Educa\u00e7\u00e3o Infantil e Fundamental, M\u00e9dicos, Enfermeiros, Motoristas e tantos outros.<\/p>\n\n\n\n<p>Com a prorroga\u00e7\u00e3o da validade do concurso, a prefeita Anna Lorena planeja realizar mais convoca\u00e7\u00f5es nos pr\u00f3ximos meses aumentando ainda mais o quadro efetivo municipal.\u201cEste \u00e9 um dos nossos presentes de natal para os monteirenses. Para quem prestou o concurso, mais uma oportunidade de garantir uma vaga no quadro de efetivos da Prefeitura. Para a popula\u00e7\u00e3o, o presente vem em benef\u00edcios atrav\u00e9s de mais profissionais capacitados e aptos a atender bem\u201d, comenta Anna Lorena.<\/p>\n","protected":false},"excerpt":{"rendered":"<p>A prefeita do munic\u00edpio de Monteiro, Anna Lorena, assinou no in\u00edcio da semana o Decreto N\u00ba 1.132 que prorroga em dois anos o concurso p\u00fablico&hellip; <\/p>\n","protected":false},"author":1,"featured_media":141909,"comment_status":"closed","ping_status":"closed","sticky":false,"template":"","format":"standard","meta":{"sfsi_plus_gutenberg_text_before_share":"","sfsi_plus_gutenberg_show_text_before_share":"","sfsi_plus_gutenberg_icon_type":"","sfsi_plus_gutenberg_icon_alignemt":"","sfsi_plus_gutenburg_max_per_row":"","footnotes":""},"categories":[2],"tags":[],"class_list":["post-141908","post","type-post","status-publish","format-standard","has-post-thumbnail","hentry","category-geral"],"_links":{"self":[{"href":"https:\/\/www.caririemacao.com\/1\/wp-json\/wp\/v2\/posts\/141908","targetHints":{"allow":["GET"]}}],"collection":[{"href":"https:\/\/www.caririemacao.com\/1\/wp-json\/wp\/v2\/posts"}],"about":[{"href":"https:\/\/www.caririemacao.com\/1\/wp-json\/wp\/v2\/types\/post"}],"author":[{"embeddable":true,"href":"https:\/\/www.caririemacao.com\/1\/wp-json\/wp\/v2\/users\/1"}],"replies":[{"embeddable":true,"href":"https:\/\/www.caririemacao.com\/1\/wp-json\/wp\/v2\/comments?post=141908"}],"version-history":[{"count":1,"href":"https:\/\/www.caririemacao.com\/1\/wp-json\/wp\/v2\/posts\/141908\/revisions"}],"predecessor-version":[{"id":141910,"href":"https:\/\/www.caririemacao.com\/1\/wp-json\/wp\/v2\/posts\/141908\/revisions\/141910"}],"wp:featuredmedia":[{"embeddable":true,"href":"https:\/\/www.caririemacao.com\/1\/wp-json\/wp\/v2\/media\/141909"}],"wp:attachment":[{"href":"https:\/\/www.caririemacao.com\/1\/wp-json\/wp\/v2\/media?parent=141908"}],"wp:term":[{"taxonomy":"category","embeddable":true,"href":"https:\/\/www.caririemacao.com\/1\/wp-json\/wp\/v2\/categories?post=141908"},{"taxonomy":"post_tag","embeddable":true,"href":"https:\/\/www.caririemacao.com\/1\/wp-json\/wp\/v2\/tags?post=141908"}],"curies":[{"name":"wp","href":"https:\/\/api.w.org\/{rel}","templated":true}]}}