{"id":141924,"date":"2019-12-20T07:58:48","date_gmt":"2019-12-20T10:58:48","guid":{"rendered":"http:\/\/www.caririemacao.com\/1\/?p=141924"},"modified":"2019-12-20T07:58:48","modified_gmt":"2019-12-20T10:58:48","slug":"militantes-contrarios-e-favoraveis-a-prisao-de-ricardo-realizam-atos-em-frente-a-sede-da-pf","status":"publish","type":"post","link":"https:\/\/www.caririemacao.com\/1\/2019\/12\/20\/militantes-contrarios-e-favoraveis-a-prisao-de-ricardo-realizam-atos-em-frente-a-sede-da-pf\/","title":{"rendered":"Militantes contr\u00e1rios e favor\u00e1veis \u00e0 pris\u00e3o de Ricardo realizam atos em frente a sede da PF"},"content":{"rendered":"\n<p>No momento em que chegou na sede da Pol\u00edcia Federal em Jo\u00e3o Pessoa durante a madrugada, o ex-governador Ricardo Coutinho, do PSB, entrou pelas portas dos fundos, por uma estrat\u00e9gia da pol\u00edcia j\u00e1 que a frente do pr\u00e9dio estava repleta de populares e jornalistas que aguardavam a chegada de Ricardo.<\/p>\n\n\n\n<div class=\"wp-block-image\"><figure class=\"aligncenter\"><img decoding=\"async\" data-src=\"http:\/\/deolhonocariri.com.br\/wp-content\/uploads\/2019\/12\/764B47D8-6C3B-4625-A725-1FB39C8616E8.jpeg\" alt=\"\" class=\"wp-image-75464 lazyload\" src=\"data:image\/svg+xml;base64,PHN2ZyB3aWR0aD0iMSIgaGVpZ2h0PSIxIiB4bWxucz0iaHR0cDovL3d3dy53My5vcmcvMjAwMC9zdmciPjwvc3ZnPg==\" \/><\/figure><\/div>\n\n\n\n<p>Entre as pessoas, militantes tanto favor\u00e1veis quanto contr\u00e1rios a Coutinho tamb\u00e9m se fizerem presentes.<\/p>\n\n\n\n<p>Os simpatizantes de Coutinho usaram cartazes em defesa do socialista, como \u201cMago Livre\u201d e \u201cCondenado por transformar a Para\u00edba\u201d. Por outro lado, populares contr\u00e1rios a Ricardo usaram bandeiras do Brasil.<\/p>\n","protected":false},"excerpt":{"rendered":"<p>No momento em que chegou na sede da Pol\u00edcia Federal em Jo\u00e3o Pessoa durante a madrugada, o ex-governador Ricardo Coutinho, do PSB, entrou pelas portas&hellip; <\/p>\n","protected":false},"author":1,"featured_media":141925,"comment_status":"closed","ping_status":"closed","sticky":false,"template":"","format":"standard","meta":{"sfsi_plus_gutenberg_text_before_share":"","sfsi_plus_gutenberg_show_text_before_share":"","sfsi_plus_gutenberg_icon_type":"","sfsi_plus_gutenberg_icon_alignemt":"","sfsi_plus_gutenburg_max_per_row":"","footnotes":""},"categories":[11],"tags":[],"class_list":["post-141924","post","type-post","status-publish","format-standard","has-post-thumbnail","hentry","category-politica"],"_links":{"self":[{"href":"https:\/\/www.caririemacao.com\/1\/wp-json\/wp\/v2\/posts\/141924","targetHints":{"allow":["GET"]}}],"collection":[{"href":"https:\/\/www.caririemacao.com\/1\/wp-json\/wp\/v2\/posts"}],"about":[{"href":"https:\/\/www.caririemacao.com\/1\/wp-json\/wp\/v2\/types\/post"}],"author":[{"embeddable":true,"href":"https:\/\/www.caririemacao.com\/1\/wp-json\/wp\/v2\/users\/1"}],"replies":[{"embeddable":true,"href":"https:\/\/www.caririemacao.com\/1\/wp-json\/wp\/v2\/comments?post=141924"}],"version-history":[{"count":1,"href":"https:\/\/www.caririemacao.com\/1\/wp-json\/wp\/v2\/posts\/141924\/revisions"}],"predecessor-version":[{"id":141926,"href":"https:\/\/www.caririemacao.com\/1\/wp-json\/wp\/v2\/posts\/141924\/revisions\/141926"}],"wp:featuredmedia":[{"embeddable":true,"href":"https:\/\/www.caririemacao.com\/1\/wp-json\/wp\/v2\/media\/141925"}],"wp:attachment":[{"href":"https:\/\/www.caririemacao.com\/1\/wp-json\/wp\/v2\/media?parent=141924"}],"wp:term":[{"taxonomy":"category","embeddable":true,"href":"https:\/\/www.caririemacao.com\/1\/wp-json\/wp\/v2\/categories?post=141924"},{"taxonomy":"post_tag","embeddable":true,"href":"https:\/\/www.caririemacao.com\/1\/wp-json\/wp\/v2\/tags?post=141924"}],"curies":[{"name":"wp","href":"https:\/\/api.w.org\/{rel}","templated":true}]}}