{"id":141929,"date":"2019-12-20T08:01:39","date_gmt":"2019-12-20T11:01:39","guid":{"rendered":"http:\/\/www.caririemacao.com\/1\/?p=141929"},"modified":"2019-12-20T08:01:39","modified_gmt":"2019-12-20T11:01:39","slug":"mulher-que-teve-material-cirurgico-esquecido-em-barriga-apos-parto-morre-em-hospital-na-paraiba","status":"publish","type":"post","link":"https:\/\/www.caririemacao.com\/1\/2019\/12\/20\/mulher-que-teve-material-cirurgico-esquecido-em-barriga-apos-parto-morre-em-hospital-na-paraiba\/","title":{"rendered":"Mulher que teve material cir\u00fargico \u2018esquecido\u2019 em barriga ap\u00f3s parto morre em hospital na Para\u00edba"},"content":{"rendered":"\n<p>A morte cerebral de Kellyane Neri, de 28 anos, foi confirmada nesta quinta-feira (19), pela Secret\u00e1ria de Sa\u00fade de Jo\u00e3o Pessoa. A fam\u00edlia de Kellyane acusa que materiais cir\u00fargicos tenham sido esquecidos dentro da mulher ap\u00f3s a realiza\u00e7\u00e3o de um parto cesariano na Maternidade C\u00e2ndida Vargas. Segundo a secretaria municipal de sa\u00fade, mesmo com a morte cerebral confirmada, a paciente continua internada na UTI, recebendo assist\u00eancia m\u00e9dica.<\/p>\n\n\n\n<p>O parto aconteceu no dia 11 de setembro e no dia 14 do mesmo m\u00eas a paciente retornou para casa. Um m\u00eas ap\u00f3s a libera\u00e7\u00e3o, Kellyane retornou \u00e0 maternidade sentindo dores na barriga.<\/p>\n\n\n\n<p>Segundo Maria das Dores, m\u00e3e de Kellyane, no hospital foi detectada uma bact\u00e9ria no corpo da paciente. Ap\u00f3s sete dias de interna\u00e7\u00e3o para tratar a bact\u00e9ria, uma ultrassom foi realizada em Kellyane, que passou por tr\u00eas cirurgias devido a perfura\u00e7\u00f5es no intestino grosso e delgado, de acordo com a fam\u00edlia.<\/p>\n\n\n\n<p>Na \u00faltima quarta-feira (18), familiares de Kellyane protestaram em frente \u00e0 Maternidade C\u00e2ndida Vargas. Na nota divulgada nesta quinta-feira, a secretaria de sa\u00fade de Jo\u00e3o Pessoa informou que os familiares de Kellyane est\u00e3o recebendo todo o acompanhamento necess\u00e1rio e que ser\u00e1 disponibilizado nesta sexta-feira (20), uma c\u00f3pia do prontu\u00e1rio m\u00e9dico da paciente, dentro dos termos da lei, com as informa\u00e7\u00f5es e hist\u00f3rico da assist\u00eancia prestada.<\/p>\n\n\n\n<p>Na \u00faltima segunda-feira (16), a secretaria de sa\u00fade de Jo\u00e3o Pessoa determinou a cria\u00e7\u00e3o de uma comiss\u00e3o sindicante que dever\u00e1 apresentar relat\u00f3rio conclusivo sobre a situa\u00e7\u00e3o da paciente num prazo de trinta dias.<\/p>\n\n\n\n<p><em>Com G1 PB<\/em><\/p>\n","protected":false},"excerpt":{"rendered":"<p>A morte cerebral de Kellyane Neri, de 28 anos, foi confirmada nesta quinta-feira (19), pela Secret\u00e1ria de Sa\u00fade de Jo\u00e3o Pessoa. A fam\u00edlia de Kellyane&hellip; <\/p>\n","protected":false},"author":1,"featured_media":141930,"comment_status":"closed","ping_status":"closed","sticky":false,"template":"","format":"standard","meta":{"sfsi_plus_gutenberg_text_before_share":"","sfsi_plus_gutenberg_show_text_before_share":"","sfsi_plus_gutenberg_icon_type":"","sfsi_plus_gutenberg_icon_alignemt":"","sfsi_plus_gutenburg_max_per_row":"","footnotes":""},"categories":[2],"tags":[],"class_list":["post-141929","post","type-post","status-publish","format-standard","has-post-thumbnail","hentry","category-geral"],"_links":{"self":[{"href":"https:\/\/www.caririemacao.com\/1\/wp-json\/wp\/v2\/posts\/141929","targetHints":{"allow":["GET"]}}],"collection":[{"href":"https:\/\/www.caririemacao.com\/1\/wp-json\/wp\/v2\/posts"}],"about":[{"href":"https:\/\/www.caririemacao.com\/1\/wp-json\/wp\/v2\/types\/post"}],"author":[{"embeddable":true,"href":"https:\/\/www.caririemacao.com\/1\/wp-json\/wp\/v2\/users\/1"}],"replies":[{"embeddable":true,"href":"https:\/\/www.caririemacao.com\/1\/wp-json\/wp\/v2\/comments?post=141929"}],"version-history":[{"count":1,"href":"https:\/\/www.caririemacao.com\/1\/wp-json\/wp\/v2\/posts\/141929\/revisions"}],"predecessor-version":[{"id":141931,"href":"https:\/\/www.caririemacao.com\/1\/wp-json\/wp\/v2\/posts\/141929\/revisions\/141931"}],"wp:featuredmedia":[{"embeddable":true,"href":"https:\/\/www.caririemacao.com\/1\/wp-json\/wp\/v2\/media\/141930"}],"wp:attachment":[{"href":"https:\/\/www.caririemacao.com\/1\/wp-json\/wp\/v2\/media?parent=141929"}],"wp:term":[{"taxonomy":"category","embeddable":true,"href":"https:\/\/www.caririemacao.com\/1\/wp-json\/wp\/v2\/categories?post=141929"},{"taxonomy":"post_tag","embeddable":true,"href":"https:\/\/www.caririemacao.com\/1\/wp-json\/wp\/v2\/tags?post=141929"}],"curies":[{"name":"wp","href":"https:\/\/api.w.org\/{rel}","templated":true}]}}