{"id":141941,"date":"2019-12-20T08:10:03","date_gmt":"2019-12-20T11:10:03","guid":{"rendered":"http:\/\/www.caririemacao.com\/1\/?p=141941"},"modified":"2019-12-20T08:10:03","modified_gmt":"2019-12-20T11:10:03","slug":"prefeito-adriano-wolff-consegue-autorizacao-para-licitacao-de-novo-predio-para-escola-estadual-malaquias-batista","status":"publish","type":"post","link":"https:\/\/www.caririemacao.com\/1\/2019\/12\/20\/prefeito-adriano-wolff-consegue-autorizacao-para-licitacao-de-novo-predio-para-escola-estadual-malaquias-batista\/","title":{"rendered":"Prefeito Adriano Wolff consegue autoriza\u00e7\u00e3o para licita\u00e7\u00e3o de novo pr\u00e9dio para Escola Estadual Malaquias Batista"},"content":{"rendered":"\n<figure class=\"wp-block-image\"><img decoding=\"async\" data-src=\"https:\/\/1.bp.blogspot.com\/-28mCD03RDIk\/Xfvo5wgcNNI\/AAAAAAAAl1M\/j4mGwP4kdA4lcr5UwCvwBVQpE3d23wsXgCEwYBhgL\/s280\/003.jpeg\" alt=\"\" src=\"data:image\/svg+xml;base64,PHN2ZyB3aWR0aD0iMSIgaGVpZ2h0PSIxIiB4bWxucz0iaHR0cDovL3d3dy53My5vcmcvMjAwMC9zdmciPjwvc3ZnPg==\" class=\"lazyload\" \/><\/figure>\n\n\n\n<p>O Prefeito de S\u00e3o Sebasti\u00e3o do Umbuzeiro, Adriano Wolff, anunciou na noite desta quinta-feira (19), uma excelente not\u00edcia, que chega como um presente de natal para a educa\u00e7\u00e3o de S\u00e3o Sebasti\u00e3o do Umbuzeiro.<\/p>\n\n\n\n<p><br>Adriano Wolff informou que em reuni\u00e3o com o Secret\u00e1rio de Educa\u00e7\u00e3o do Estado, Cl\u00e1udio Furtado, conseguiu a autoriza\u00e7\u00e3o para a licita\u00e7\u00e3o do novo pr\u00e9dio da Escola Estadual Malaquias Batista.<\/p>\n\n\n\n<p>O investimento \u00e9 no valor de R$2.924,000,00.<br>O gestor umbuzeirense informou ainda que a SUPLAN j\u00e1 est\u00e1 fazendo a atualiza\u00e7\u00e3o da planilha e o edital, e que a autoriza\u00e7\u00e3o deve sair no final de janeiro ou in\u00edcio de fevereiro.<\/p>\n\n\n\n<p><br>\u201cO atual pr\u00e9dio que est\u00e1 interditado ser\u00e1 derrubado e no seu lugar ser\u00e1 constru\u00eddo uma nov\u00edssima e moderna escola, que beneficiar\u00e1 centenas de alunos\u201d, disse o gestor.<\/p>\n\n\n\n<p>Blog do Didi <\/p>\n","protected":false},"excerpt":{"rendered":"<p>O Prefeito de S\u00e3o Sebasti\u00e3o do Umbuzeiro, Adriano Wolff, anunciou na noite desta quinta-feira (19), uma excelente not\u00edcia, que chega como um presente de natal&hellip; <\/p>\n","protected":false},"author":1,"featured_media":141942,"comment_status":"closed","ping_status":"closed","sticky":false,"template":"","format":"standard","meta":{"sfsi_plus_gutenberg_text_before_share":"","sfsi_plus_gutenberg_show_text_before_share":"","sfsi_plus_gutenberg_icon_type":"","sfsi_plus_gutenberg_icon_alignemt":"","sfsi_plus_gutenburg_max_per_row":"","footnotes":""},"categories":[6],"tags":[],"class_list":["post-141941","post","type-post","status-publish","format-standard","has-post-thumbnail","hentry","category-cidades"],"_links":{"self":[{"href":"https:\/\/www.caririemacao.com\/1\/wp-json\/wp\/v2\/posts\/141941","targetHints":{"allow":["GET"]}}],"collection":[{"href":"https:\/\/www.caririemacao.com\/1\/wp-json\/wp\/v2\/posts"}],"about":[{"href":"https:\/\/www.caririemacao.com\/1\/wp-json\/wp\/v2\/types\/post"}],"author":[{"embeddable":true,"href":"https:\/\/www.caririemacao.com\/1\/wp-json\/wp\/v2\/users\/1"}],"replies":[{"embeddable":true,"href":"https:\/\/www.caririemacao.com\/1\/wp-json\/wp\/v2\/comments?post=141941"}],"version-history":[{"count":1,"href":"https:\/\/www.caririemacao.com\/1\/wp-json\/wp\/v2\/posts\/141941\/revisions"}],"predecessor-version":[{"id":141943,"href":"https:\/\/www.caririemacao.com\/1\/wp-json\/wp\/v2\/posts\/141941\/revisions\/141943"}],"wp:featuredmedia":[{"embeddable":true,"href":"https:\/\/www.caririemacao.com\/1\/wp-json\/wp\/v2\/media\/141942"}],"wp:attachment":[{"href":"https:\/\/www.caririemacao.com\/1\/wp-json\/wp\/v2\/media?parent=141941"}],"wp:term":[{"taxonomy":"category","embeddable":true,"href":"https:\/\/www.caririemacao.com\/1\/wp-json\/wp\/v2\/categories?post=141941"},{"taxonomy":"post_tag","embeddable":true,"href":"https:\/\/www.caririemacao.com\/1\/wp-json\/wp\/v2\/tags?post=141941"}],"curies":[{"name":"wp","href":"https:\/\/api.w.org\/{rel}","templated":true}]}}