{"id":141945,"date":"2019-12-20T09:45:41","date_gmt":"2019-12-20T12:45:41","guid":{"rendered":"http:\/\/www.caririemacao.com\/1\/?p=141945"},"modified":"2019-12-20T09:45:41","modified_gmt":"2019-12-20T12:45:41","slug":"prefeito-e-preso-por-furtar-agua-da-transposicao-e-afirma-que-nao-sabia-que-era-proibido","status":"publish","type":"post","link":"https:\/\/www.caririemacao.com\/1\/2019\/12\/20\/prefeito-e-preso-por-furtar-agua-da-transposicao-e-afirma-que-nao-sabia-que-era-proibido\/","title":{"rendered":"Prefeito \u00e9 preso por furtar \u00e1gua da Transposi\u00e7\u00e3o e afirma que n\u00e3o sabia que era proibido"},"content":{"rendered":"\n<p>Preso em flagrante na ter\u00e7a-feira (17) por furto de \u00e1gua da transposi\u00e7\u00e3o do rio S\u00e3o Francisco&nbsp;para o seu s\u00edtio e invas\u00e3o de terras p\u00fablicas, o prefeito do munic\u00edpio de Salgueiro, no Sert\u00e3o de Pernambuco, Clebel Cordeiro (MDB), disse em interrogat\u00f3rio na Delegacia da Pol\u00edcia Federal (PF) que n\u00e3o sabia que era proibido retirar a \u00e1gua da barragem, de acordo com a nota divulgada pela PF.<\/p>\n\n\n\n<div class=\"wp-block-image\"><figure class=\"alignright\"><img decoding=\"async\" data-src=\"http:\/\/deolhonocariri.com.br\/wp-content\/uploads\/2019\/12\/8173791_x720.jpg\" alt=\"\" class=\"wp-image-75477 lazyload\" src=\"data:image\/svg+xml;base64,PHN2ZyB3aWR0aD0iMSIgaGVpZ2h0PSIxIiB4bWxucz0iaHR0cDovL3d3dy53My5vcmcvMjAwMC9zdmciPjwvc3ZnPg==\" \/><\/figure><\/div>\n\n\n\n<p>\u201cEm seu interrogat\u00f3rio, o pol\u00edtico informou que n\u00e3o tinha conhecimento de que era proibido usar e retirar a \u00e1gua da barragem Mangueira e que devido a esse desconhecimento retirava a \u00e1gua e usava para irrigar as planta\u00e7\u00f5es de maracuj\u00e1, manga e lim\u00e3o e que tem consci\u00eancia que n\u00e3o havia invadido as terras da uni\u00e3o e que se recorda que houve um processo de desapropria\u00e7\u00e3o da terra antes do in\u00edcio das obras da transposi\u00e7\u00e3o do Rio S\u00e3o Francisco\u201d, diz a nota.<\/p>\n\n\n\n<p>Segundo a PF, o Mandado de Busca e Apreens\u00e3o no S\u00edtio Mulungu, que pertence a Clebel Cordeiro, foi expedido pelo ju\u00edzo da 20\u00aa Vara Federal de Salgueiro. No local, os policias constataram que na propriedade estava havendo a retirada de \u00e1gua da barragem do canal do S\u00e3o Francisco atrav\u00e9s de bombas el\u00e9tricas e que o terreno tamb\u00e9m estava avan\u00e7ando dentro da propriedade da Uni\u00e3o.<\/p>\n\n\n\n<p>Todo material utilizado para realizar o bombeamento da \u00e1gua foi apreendido. Clebel Cordeiro, que estava no s\u00edtio, foi preso em flagrante e levado para a Delegacia da PF, onde foi autuado pelos crimes invas\u00e3o de terras da Uni\u00e3o com inten\u00e7\u00e3o de ocup\u00e1-las, que tem pena de 6 meses a 3 anos de deten\u00e7\u00e3o, e furto de \u00e1gua, com pena de 1 a 4 anos de reclus\u00e3o.<\/p>\n\n\n\n<p>Clebel Cordeiro est\u00e1 passando por uma Audi\u00eancia de Cust\u00f3dia, na sede da Justi\u00e7a Federal em Ouricuri, onde ser\u00e1 decidido pela confirma\u00e7\u00e3o da Pris\u00e3o Preventiva ou se ele ser\u00e1 liberado para responder o processo em liberdade.<\/p>\n\n\n\n<p>A assessoria da Prefeitura de Salgueiro atrav\u00e9s de nota, disse que \u201co caso envolvendo o prefeito Clebel Cordeiro n\u00e3o tem absolutamente nenhuma liga\u00e7\u00e3o com o seu cargo de prefeito\u201d.<\/p>\n\n\n\n<p>A assessoria pessoal de Clebel, tamb\u00e9m por nota, disse que \u201cn\u00e3o houve absolutamente nenhum deslocamento da irriga\u00e7\u00e3o a \u00e1reas externas \u00e0 sua propriedade\u201d.<\/p>\n\n\n\n<p><em>Com G1 PE<\/em><\/p>\n","protected":false},"excerpt":{"rendered":"<p>Preso em flagrante na ter\u00e7a-feira (17) por furto de \u00e1gua da transposi\u00e7\u00e3o do rio S\u00e3o Francisco&nbsp;para o seu s\u00edtio e invas\u00e3o de terras p\u00fablicas, o&hellip; <\/p>\n","protected":false},"author":1,"featured_media":141946,"comment_status":"closed","ping_status":"closed","sticky":false,"template":"","format":"standard","meta":{"sfsi_plus_gutenberg_text_before_share":"","sfsi_plus_gutenberg_show_text_before_share":"","sfsi_plus_gutenberg_icon_type":"","sfsi_plus_gutenberg_icon_alignemt":"","sfsi_plus_gutenburg_max_per_row":"","footnotes":""},"categories":[12],"tags":[],"class_list":["post-141945","post","type-post","status-publish","format-standard","has-post-thumbnail","hentry","category-policia"],"_links":{"self":[{"href":"https:\/\/www.caririemacao.com\/1\/wp-json\/wp\/v2\/posts\/141945","targetHints":{"allow":["GET"]}}],"collection":[{"href":"https:\/\/www.caririemacao.com\/1\/wp-json\/wp\/v2\/posts"}],"about":[{"href":"https:\/\/www.caririemacao.com\/1\/wp-json\/wp\/v2\/types\/post"}],"author":[{"embeddable":true,"href":"https:\/\/www.caririemacao.com\/1\/wp-json\/wp\/v2\/users\/1"}],"replies":[{"embeddable":true,"href":"https:\/\/www.caririemacao.com\/1\/wp-json\/wp\/v2\/comments?post=141945"}],"version-history":[{"count":1,"href":"https:\/\/www.caririemacao.com\/1\/wp-json\/wp\/v2\/posts\/141945\/revisions"}],"predecessor-version":[{"id":141947,"href":"https:\/\/www.caririemacao.com\/1\/wp-json\/wp\/v2\/posts\/141945\/revisions\/141947"}],"wp:featuredmedia":[{"embeddable":true,"href":"https:\/\/www.caririemacao.com\/1\/wp-json\/wp\/v2\/media\/141946"}],"wp:attachment":[{"href":"https:\/\/www.caririemacao.com\/1\/wp-json\/wp\/v2\/media?parent=141945"}],"wp:term":[{"taxonomy":"category","embeddable":true,"href":"https:\/\/www.caririemacao.com\/1\/wp-json\/wp\/v2\/categories?post=141945"},{"taxonomy":"post_tag","embeddable":true,"href":"https:\/\/www.caririemacao.com\/1\/wp-json\/wp\/v2\/tags?post=141945"}],"curies":[{"name":"wp","href":"https:\/\/api.w.org\/{rel}","templated":true}]}}