{"id":141955,"date":"2019-12-20T10:14:06","date_gmt":"2019-12-20T13:14:06","guid":{"rendered":"http:\/\/www.caririemacao.com\/1\/?p=141955"},"modified":"2019-12-20T10:14:06","modified_gmt":"2019-12-20T13:14:06","slug":"ao-vivo-comeca-audiencia-de-custodia-do-ex-governador-ricardo-coutinho-preso-na-operacao-calvario","status":"publish","type":"post","link":"https:\/\/www.caririemacao.com\/1\/2019\/12\/20\/ao-vivo-comeca-audiencia-de-custodia-do-ex-governador-ricardo-coutinho-preso-na-operacao-calvario\/","title":{"rendered":"Ao Vivo: come\u00e7a audi\u00eancia de cust\u00f3dia do ex-governador Ricardo Coutinho preso na Opera\u00e7\u00e3o Calv\u00e1rio"},"content":{"rendered":"\n<p>A audi\u00eancia de cust\u00f3dia do ex-governador da Para\u00edba, Ricardo Coutinho acontece na manh\u00e3 desta sexta-feira (20), na C\u00e2mara Criminal do Tribunal de Justi\u00e7a da Para\u00edba. Acompanhe AO VIVO no portal ClickPB.<\/p>\n\n\n\n<p>A audi\u00eancia est\u00e1 sendo conduzida pelo juiz Adilson Fabr\u00edcio, o mesmo que conduziu as audi\u00eancias dos demais acusados na Opera\u00e7\u00e3o Calv\u00e1rio.<\/p>\n\n\n\n<p>O ex-governador recebeu voz de pris\u00e3o de agentes da Pol\u00edcia Federal, na noite desta quinta-feira (19), no Aeroporto Internacional de Natal, no Rio Grande do Norte.<\/p>\n\n\n\n<figure><iframe data-src=\"https:\/\/www.facebook.com\/plugins\/video.php?href=https%3A%2F%2Fwww.facebook.com%2Fclickpb%2Fvideos%2F615929139180813%2F&amp;show_text=0&amp;width=560\" width=\"560\" height=\"315\" allowfullscreen=\"true\" src=\"data:image\/svg+xml;base64,PHN2ZyB3aWR0aD0iMSIgaGVpZ2h0PSIxIiB4bWxucz0iaHR0cDovL3d3dy53My5vcmcvMjAwMC9zdmciPjwvc3ZnPg==\" class=\"lazyload\" data-load-mode=\"1\"><\/iframe><\/figure>\n\n\n\n<p>Ele deixou o aeroporto dentro de uma viatura da Pol\u00edcia Federal por sa\u00edda lateral, sem passar pelo desembarque comum dos pedestres.\u00a0O\u00a0ex-governador Ricardo Coutinho chegou \u00e0 sede da Pol\u00edcia Federal\u00a0em Jo\u00e3o Pessoa, na madrugada desta sexta-feira (20).<\/p>\n\n\n\n<p>Ricardo Coutinho\u00a0teve a pris\u00e3o decretada nesta ter\u00e7a-feira (17), durante a nova fase da Opera\u00e7\u00e3o Calv\u00e1rio. Al\u00e9m dele, 16 pessoas tiveram a pris\u00e3o decretada, entre eles a deputada Estela Bezerra, o irm\u00e3o de Ricardo, Coriolano Coutinho e a\u00a0prefeita do Conde M\u00e1rcia Lucena.<\/p>\n","protected":false},"excerpt":{"rendered":"<p>A audi\u00eancia de cust\u00f3dia do ex-governador da Para\u00edba, Ricardo Coutinho acontece na manh\u00e3 desta sexta-feira (20), na C\u00e2mara Criminal do Tribunal de Justi\u00e7a da Para\u00edba.&hellip; <\/p>\n","protected":false},"author":1,"featured_media":56288,"comment_status":"closed","ping_status":"closed","sticky":false,"template":"","format":"standard","meta":{"sfsi_plus_gutenberg_text_before_share":"","sfsi_plus_gutenberg_show_text_before_share":"","sfsi_plus_gutenberg_icon_type":"","sfsi_plus_gutenberg_icon_alignemt":"","sfsi_plus_gutenburg_max_per_row":"","footnotes":""},"categories":[11],"tags":[],"class_list":["post-141955","post","type-post","status-publish","format-standard","has-post-thumbnail","hentry","category-politica"],"_links":{"self":[{"href":"https:\/\/www.caririemacao.com\/1\/wp-json\/wp\/v2\/posts\/141955","targetHints":{"allow":["GET"]}}],"collection":[{"href":"https:\/\/www.caririemacao.com\/1\/wp-json\/wp\/v2\/posts"}],"about":[{"href":"https:\/\/www.caririemacao.com\/1\/wp-json\/wp\/v2\/types\/post"}],"author":[{"embeddable":true,"href":"https:\/\/www.caririemacao.com\/1\/wp-json\/wp\/v2\/users\/1"}],"replies":[{"embeddable":true,"href":"https:\/\/www.caririemacao.com\/1\/wp-json\/wp\/v2\/comments?post=141955"}],"version-history":[{"count":1,"href":"https:\/\/www.caririemacao.com\/1\/wp-json\/wp\/v2\/posts\/141955\/revisions"}],"predecessor-version":[{"id":141956,"href":"https:\/\/www.caririemacao.com\/1\/wp-json\/wp\/v2\/posts\/141955\/revisions\/141956"}],"wp:featuredmedia":[{"embeddable":true,"href":"https:\/\/www.caririemacao.com\/1\/wp-json\/wp\/v2\/media\/56288"}],"wp:attachment":[{"href":"https:\/\/www.caririemacao.com\/1\/wp-json\/wp\/v2\/media?parent=141955"}],"wp:term":[{"taxonomy":"category","embeddable":true,"href":"https:\/\/www.caririemacao.com\/1\/wp-json\/wp\/v2\/categories?post=141955"},{"taxonomy":"post_tag","embeddable":true,"href":"https:\/\/www.caririemacao.com\/1\/wp-json\/wp\/v2\/tags?post=141955"}],"curies":[{"name":"wp","href":"https:\/\/api.w.org\/{rel}","templated":true}]}}