{"id":141960,"date":"2019-12-20T10:21:35","date_gmt":"2019-12-20T13:21:35","guid":{"rendered":"http:\/\/www.caririemacao.com\/1\/?p=141960"},"modified":"2019-12-20T10:21:35","modified_gmt":"2019-12-20T13:21:35","slug":"flavio-bolsonaro-e-chefe-de-organizacao-criminosa-que-desviava-dinheiro-aponta-mp","status":"publish","type":"post","link":"https:\/\/www.caririemacao.com\/1\/2019\/12\/20\/flavio-bolsonaro-e-chefe-de-organizacao-criminosa-que-desviava-dinheiro-aponta-mp\/","title":{"rendered":"Fl\u00e1vio Bolsonaro \u00e9 chefe de organiza\u00e7\u00e3o criminosa que desviava dinheiro, aponta MP"},"content":{"rendered":"\n<p>Um documento do Minist\u00e9rio P\u00fablico estadual do Rio detalha o suposto esquema de corrup\u00e7\u00e3o envolvendo o senador Fl\u00e1vio Bolsonaro (sem partido-RJ), quando ele era deputado estadual. Os promotores afirmam que Fl\u00e1vio Bolsonaro \u00e9 o chefe de uma organiza\u00e7\u00e3o criminosa e identificaram pelo menos 13 assessores que repassaram parte de seus sal\u00e1rios ao ex-assessor dele, Fabr\u00edcio Queiroz.<\/p>\n\n\n\n<p>O Minist\u00e9rio P\u00fablico diz que \u201cas provas permitem vislumbrar que existiu uma organiza\u00e7\u00e3o criminosa com alto grau de perman\u00eancia e estabilidade, entre 2007 e 2018, destinada \u00e0 pr\u00e1tica de desvio de dinheiro p\u00fablico e lavagem de dinheiro\u201d.<\/p>\n\n\n\n<p>Em um v\u00eddeo publicado nas redes sociais na tarde desta quinta-feira, Fl\u00e1vio Bolsonaro nega &#8216;rachadinhas&#8217; e lavagem de dinheiro. Ele criticou o vazamento das informa\u00e7\u00f5es do processo, que corre em segredo de Justi\u00e7a, negou todas as acusa\u00e7\u00f5es e se disse v\u00edtima de persegui\u00e7\u00e3o.<\/p>\n\n\n\n<p>Os promotores dizem que Fabr\u00edcio Queiroz \u201carrecadou grande parte da remunera\u00e7\u00e3o de funcion\u00e1rios fantasmas do ent\u00e3o deputado estadual Fl\u00e1vio Bolsonaro\u201d e que foram identificados pelo menos 13 assessores que repassavam parte do sal\u00e1rio.<\/p>\n\n\n\n<p>Queiroz recebeu 483 dep\u00f3sitos na conta banc\u00e1ria, mais de R$ 2 milh\u00f5es.<\/p>\n\n\n\n<p>Os promotores afirmam que, apesar do que j\u00e1 disse, \u201cFabr\u00edcio Queiroz n\u00e3o agiu sem o conhecimento de seus superiores hier\u00e1rquicos, j\u00e1 que ele pr\u00f3prio alegou em sua defesa que retinha os contracheques para prestar contas a terceiros\u201d.<\/p>\n\n\n\n<p>O Minist\u00e9rio P\u00fablico apresenta uma troca de mensagens com uma das funcion\u00e1rias do gabinete em que ele escreve: \u201cVoc\u00ea pode me informar o valor que foi depositado este m\u00eas para eu prestar contas\u201d.<\/p>\n\n\n\n<p>O Minist\u00e9rio P\u00fablico diz que ele conversava com Danielle Mendon\u00e7a, ex-mulher de Adriano N\u00f3brega. O ex-capit\u00e3o do Bope foi denunciado como l\u00edder de um grupo de milicianos e assassinos de aluguel conhecido como Escrit\u00f3rio do Crime.<\/p>\n\n\n\n<p>O Minist\u00e9rio P\u00fablico afirma que a nomea\u00e7\u00e3o de Danielle no gabinete de Fl\u00e1vio foi feita a pedido de Adriano.<\/p>\n\n\n\n<p>A investiga\u00e7\u00e3o mostra que, no final de 2017, Fabr\u00edcio Queiroz demonstrou preocupa\u00e7\u00e3o com a situa\u00e7\u00e3o de Danielle por causa das elei\u00e7\u00f5es de 2018 e o receio de que o aumento da exposi\u00e7\u00e3o de Fl\u00e1vio Bolsonaro levasse a imprensa a descobrir a nomea\u00e7\u00e3o da esposa do miliciano em seu gabinete.<\/p>\n\n\n\n<p>Foi o que ele escreveu numa outra mensagem: \u201cSobre seu nome&#8230;. N\u00e3o querem correr risco, tendo em vista que est\u00e3o concorrendo e a visibilidade que est\u00e3o. Est\u00e3o fazendo um pente fino nos funcion\u00e1rios e na fam\u00edlia deles\u201d.<\/p>\n\n\n\n<p>Danielle acabou exonerada e, numa conversa em janeiro ela, admitiu a uma amiga que sabia da origem il\u00edcita do dinheiro: \u201cEu j\u00e1 vinha h\u00e1 um tempo muito incomodada com a origem desse dinheiro na minha vida. Sei l\u00e1. Deus deve ter ouvido\u201d.<\/p>\n\n\n\n<p>Os promotores mostram ainda que o esquema de funcion\u00e1rios fantasmas tinha uma base a quase 200 quil\u00f4metros da Assembleia Legislativa do Rio. Dez assessores da mesma fam\u00edlia eram de Resende, no Sul do Rio, a fam\u00edlia Siqueira, todos parentes de Ana Cristina Siqueira Valle, ex-mulher do presidente Jair Bolsonaro.<\/p>\n\n\n\n<p>Juntos eles receberam mais de R$ 4,8 milh\u00f5es em sal\u00e1rios da Alerj &#8211; 83% foram sacados em dinheiro vivo.<\/p>\n\n\n\n<p>A investiga\u00e7\u00e3o indica que Fl\u00e1vio Bolsonaro era o l\u00edder da organiza\u00e7\u00e3o criminosa e que essa organiza\u00e7\u00e3o tinha pelo menos quatro n\u00facleos, com uma clara divis\u00e3o de tarefas: quem nomeava, os operadores financeiros, as pessoas que aceitavam os cargos em troca de devolver parte dos sal\u00e1rios, e o n\u00facleo que lavava dinheiro.<\/p>\n\n\n\n<p>Queiroz recebeu dinheiro de pizzarias de chefe do Escrit\u00f3rio do Crime, diz MP<br>Gilmar Mendes pede informa\u00e7\u00f5es &#8216;com urg\u00eancia&#8217; antes de decis\u00e3o<\/p>\n\n\n\n<p>Os promotores dizem que, no fim de 2018, numa conversa com um dos fantasmas, Queiroz j\u00e1 se mostrava apreensivo com a investiga\u00e7\u00e3o. Ele avisou: \u201cCuidado com o que vai falar no celular\u201d.<\/p>\n\n\n\n<p>Mas o Minist\u00e9rio P\u00fablico suspeita que Queiroz acreditava que poderia manter o esquema. Em outra mensagem para a funcion\u00e1ria do gabinete ele disse: \u201cVamos continuar juntos em 2019\u201d. A assessora respondeu: \u201cQue assim seja\u201d.<\/p>\n\n\n\n<p>O advogado Paulo Klein informou que, por quest\u00f5es de foro \u00edntimo, n\u00e3o representa mais Fabr\u00edcio Queiroz nem a fam\u00edlia dele, mas tem plena convic\u00e7\u00e3o da inoc\u00eancia deles em rela\u00e7\u00e3o aos fatos investigados pelo Minist\u00e9rio P\u00fablico.<\/p>\n","protected":false},"excerpt":{"rendered":"<p>Um documento do Minist\u00e9rio P\u00fablico estadual do Rio detalha o suposto esquema de corrup\u00e7\u00e3o envolvendo o senador Fl\u00e1vio Bolsonaro (sem partido-RJ), quando ele era deputado&hellip; <\/p>\n","protected":false},"author":1,"featured_media":82541,"comment_status":"closed","ping_status":"closed","sticky":false,"template":"","format":"standard","meta":{"sfsi_plus_gutenberg_text_before_share":"","sfsi_plus_gutenberg_show_text_before_share":"","sfsi_plus_gutenberg_icon_type":"","sfsi_plus_gutenberg_icon_alignemt":"","sfsi_plus_gutenburg_max_per_row":"","footnotes":""},"categories":[11],"tags":[],"class_list":["post-141960","post","type-post","status-publish","format-standard","has-post-thumbnail","hentry","category-politica"],"_links":{"self":[{"href":"https:\/\/www.caririemacao.com\/1\/wp-json\/wp\/v2\/posts\/141960","targetHints":{"allow":["GET"]}}],"collection":[{"href":"https:\/\/www.caririemacao.com\/1\/wp-json\/wp\/v2\/posts"}],"about":[{"href":"https:\/\/www.caririemacao.com\/1\/wp-json\/wp\/v2\/types\/post"}],"author":[{"embeddable":true,"href":"https:\/\/www.caririemacao.com\/1\/wp-json\/wp\/v2\/users\/1"}],"replies":[{"embeddable":true,"href":"https:\/\/www.caririemacao.com\/1\/wp-json\/wp\/v2\/comments?post=141960"}],"version-history":[{"count":1,"href":"https:\/\/www.caririemacao.com\/1\/wp-json\/wp\/v2\/posts\/141960\/revisions"}],"predecessor-version":[{"id":141961,"href":"https:\/\/www.caririemacao.com\/1\/wp-json\/wp\/v2\/posts\/141960\/revisions\/141961"}],"wp:featuredmedia":[{"embeddable":true,"href":"https:\/\/www.caririemacao.com\/1\/wp-json\/wp\/v2\/media\/82541"}],"wp:attachment":[{"href":"https:\/\/www.caririemacao.com\/1\/wp-json\/wp\/v2\/media?parent=141960"}],"wp:term":[{"taxonomy":"category","embeddable":true,"href":"https:\/\/www.caririemacao.com\/1\/wp-json\/wp\/v2\/categories?post=141960"},{"taxonomy":"post_tag","embeddable":true,"href":"https:\/\/www.caririemacao.com\/1\/wp-json\/wp\/v2\/tags?post=141960"}],"curies":[{"name":"wp","href":"https:\/\/api.w.org\/{rel}","templated":true}]}}