{"id":141969,"date":"2019-12-20T10:29:16","date_gmt":"2019-12-20T13:29:16","guid":{"rendered":"http:\/\/www.caririemacao.com\/1\/?p=141969"},"modified":"2019-12-20T10:29:16","modified_gmt":"2019-12-20T13:29:16","slug":"governador-joao-azevedo-exonera-diretores-gerais-de-hospitais-da-paraiba","status":"publish","type":"post","link":"https:\/\/www.caririemacao.com\/1\/2019\/12\/20\/governador-joao-azevedo-exonera-diretores-gerais-de-hospitais-da-paraiba\/","title":{"rendered":"Governador Jo\u00e3o Azev\u00eado exonera diretores gerais de hospitais da Para\u00edba"},"content":{"rendered":"\n<p>O governador Jo\u00e3o Azev\u00eado&nbsp;exonerou a&nbsp;diretora-geral do Hospital Distrital de Itaporanga,&nbsp;Iara Maysa Gon\u00e7alves de Brito e a diretora-geral e do Hospital de Cajazeiras, Edjane Leite Santos. As exonera\u00e7\u00f5es foram publicadas no Di\u00e1rio Oficial do Estado&nbsp;desta sexta-feira (20).<\/p>\n\n\n\n<p>Para o cargo de diretor do Hospital Distrital de Itaporanga foi nomeada&nbsp;Rogeria Chelly Diniz, que ocupava o posto de chefe do n\u00facleo de enfermagem da unidade hospitalar. J\u00e1 para o cargo de diretor do&nbsp;Hospital Regional de Cajazeiras foi nomeado&nbsp;Manuel Telamon Arruda Filho. Ele exercia no mesmo hospital o posto de diretor administrativo.<\/p>\n\n\n\n<div class=\"wp-block-image\"><figure class=\"aligncenter\"><img decoding=\"async\" data-src=\"http:\/\/deolhonocariri.com.br\/wp-content\/uploads\/2019\/12\/diario_sexta.jpg\" alt=\"\" class=\"wp-image-75473 lazyload\" src=\"data:image\/svg+xml;base64,PHN2ZyB3aWR0aD0iMSIgaGVpZ2h0PSIxIiB4bWxucz0iaHR0cDovL3d3dy53My5vcmcvMjAwMC9zdmciPjwvc3ZnPg==\" \/><\/figure><\/div>\n\n\n\n<div class=\"wp-block-image\"><figure class=\"aligncenter\"><img decoding=\"async\" data-src=\"http:\/\/deolhonocariri.com.br\/wp-content\/uploads\/2019\/12\/diario_sexta_2.jpg\" alt=\"\" class=\"wp-image-75474 lazyload\" src=\"data:image\/svg+xml;base64,PHN2ZyB3aWR0aD0iMSIgaGVpZ2h0PSIxIiB4bWxucz0iaHR0cDovL3d3dy53My5vcmcvMjAwMC9zdmciPjwvc3ZnPg==\" \/><\/figure><\/div>\n\n\n\n<p><em>Click PB<\/em><\/p>\n","protected":false},"excerpt":{"rendered":"<p>O governador Jo\u00e3o Azev\u00eado&nbsp;exonerou a&nbsp;diretora-geral do Hospital Distrital de Itaporanga,&nbsp;Iara Maysa Gon\u00e7alves de Brito e a diretora-geral e do Hospital de Cajazeiras, Edjane Leite Santos.&hellip; <\/p>\n","protected":false},"author":1,"featured_media":100671,"comment_status":"closed","ping_status":"closed","sticky":false,"template":"","format":"standard","meta":{"sfsi_plus_gutenberg_text_before_share":"","sfsi_plus_gutenberg_show_text_before_share":"","sfsi_plus_gutenberg_icon_type":"","sfsi_plus_gutenberg_icon_alignemt":"","sfsi_plus_gutenburg_max_per_row":"","footnotes":""},"categories":[11],"tags":[],"class_list":["post-141969","post","type-post","status-publish","format-standard","has-post-thumbnail","hentry","category-politica"],"_links":{"self":[{"href":"https:\/\/www.caririemacao.com\/1\/wp-json\/wp\/v2\/posts\/141969","targetHints":{"allow":["GET"]}}],"collection":[{"href":"https:\/\/www.caririemacao.com\/1\/wp-json\/wp\/v2\/posts"}],"about":[{"href":"https:\/\/www.caririemacao.com\/1\/wp-json\/wp\/v2\/types\/post"}],"author":[{"embeddable":true,"href":"https:\/\/www.caririemacao.com\/1\/wp-json\/wp\/v2\/users\/1"}],"replies":[{"embeddable":true,"href":"https:\/\/www.caririemacao.com\/1\/wp-json\/wp\/v2\/comments?post=141969"}],"version-history":[{"count":1,"href":"https:\/\/www.caririemacao.com\/1\/wp-json\/wp\/v2\/posts\/141969\/revisions"}],"predecessor-version":[{"id":141970,"href":"https:\/\/www.caririemacao.com\/1\/wp-json\/wp\/v2\/posts\/141969\/revisions\/141970"}],"wp:featuredmedia":[{"embeddable":true,"href":"https:\/\/www.caririemacao.com\/1\/wp-json\/wp\/v2\/media\/100671"}],"wp:attachment":[{"href":"https:\/\/www.caririemacao.com\/1\/wp-json\/wp\/v2\/media?parent=141969"}],"wp:term":[{"taxonomy":"category","embeddable":true,"href":"https:\/\/www.caririemacao.com\/1\/wp-json\/wp\/v2\/categories?post=141969"},{"taxonomy":"post_tag","embeddable":true,"href":"https:\/\/www.caririemacao.com\/1\/wp-json\/wp\/v2\/tags?post=141969"}],"curies":[{"name":"wp","href":"https:\/\/api.w.org\/{rel}","templated":true}]}}