{"id":141973,"date":"2019-12-20T10:57:49","date_gmt":"2019-12-20T13:57:49","guid":{"rendered":"http:\/\/www.caririemacao.com\/1\/?p=141973"},"modified":"2019-12-20T10:57:49","modified_gmt":"2019-12-20T13:57:49","slug":"dezembro-laranja-saiba-como-identificar-o-cancer-de-pele","status":"publish","type":"post","link":"https:\/\/www.caririemacao.com\/1\/2019\/12\/20\/dezembro-laranja-saiba-como-identificar-o-cancer-de-pele\/","title":{"rendered":"Dezembro Laranja: saiba como identificar o c\u00e2ncer de pele"},"content":{"rendered":"\n<p>No m\u00eas de dezembro a Sociedade Brasileira de Dermatologia (SBD) realiza a campanha Dezembro Laranja, para chamar a aten\u00e7\u00e3o para o tipo de c\u00e2ncer mais incidente no Brasil: o c\u00e2ncer de pele.<br> De acordo com o Instituto Nacional do C\u00e2ncer (INCA), anualmente s\u00e3o diagnosticados 180 mil casos novos da doen\u00e7a. Isso significa que 1 em cada 4 casos novos de c\u00e2ncer no Brasil \u00e9 de pele.<br> Entre os tumores de pele, o tipo n\u00e3o melanoma \u00e9 o mais frequente e de menor mortalidade, por\u00e9m, se n\u00e3o tratado adequadamente pode deixar mutila\u00e7\u00f5es bastante expressivas.<\/p>\n\n\n\n<p>Sinais da doen\u00e7a<\/p>\n\n\n\n<p>O c\u00e2ncer de pele n\u00e3o melanoma ocorre principalmente nas \u00e1reas do corpo mais expostas ao sol, como rosto, pesco\u00e7o e orelhas, podendo at\u00e9 mesmo destruir estas estruturas.Em suma, alguns sinais desse tipo de c\u00e2ncer s\u00e3o:<br>\n-Mancha c\u00e2ncer de pele.<br>\n-Manchas na pele que co\u00e7am, ardem, descamam ou sangram.<br>\n-Feridas c\u00e2ncer de pele<br>\n-Feridas que n\u00e3o cicatrizam em at\u00e9 quatro semanas.<\/p>\n\n\n\n<p>Tratamento<\/p>\n\n\n\n<p>Caso seja identificado o c\u00e2ncer, o tratamento mais indicado \u00e9 a cirurgia, e eventualmente pode ser associado a radioterapia.<\/p>\n\n\n\n<p>Como prevenir o c\u00e2ncer de pele?<\/p>\n\n\n\n<p>Primordialmente os casos s\u00e3o mais incidentes no ver\u00e3o por conta da maior exposi\u00e7\u00e3o ao sol, contudo, seja no ver\u00e3o ou nas outras esta\u00e7\u00f5es do ano, sempre que houver contato com o sol \u00e9 importante tomar os seguintes cuidados:<br>\n-Evitar exposi\u00e7\u00e3o prolongada ao sol entre 10h e 16h.<br>\n-Procurar lugares com sombra.<br>\n-Usar prote\u00e7\u00e3o adequada, como roupas, bon\u00e9s ou chap\u00e9us de abas largas, \u00f3culos escuros com prote\u00e7\u00e3o UV, sombrinhas e barracas.<br>\n-Aplicar na pele, antes de se expor ao sol, filtro (protetor) solar com fator de prote\u00e7\u00e3o 15, no m\u00ednimo.<br>\n-Usar filtro solar pr\u00f3prio para os l\u00e1bios.<\/p>\n","protected":false},"excerpt":{"rendered":"<p>No m\u00eas de dezembro a Sociedade Brasileira de Dermatologia (SBD) realiza a campanha Dezembro Laranja, para chamar a aten\u00e7\u00e3o para o tipo de c\u00e2ncer mais&hellip; <\/p>\n","protected":false},"author":1,"featured_media":75044,"comment_status":"closed","ping_status":"closed","sticky":false,"template":"","format":"standard","meta":{"sfsi_plus_gutenberg_text_before_share":"","sfsi_plus_gutenberg_show_text_before_share":"","sfsi_plus_gutenberg_icon_type":"","sfsi_plus_gutenberg_icon_alignemt":"","sfsi_plus_gutenburg_max_per_row":"","footnotes":""},"categories":[16],"tags":[],"class_list":["post-141973","post","type-post","status-publish","format-standard","has-post-thumbnail","hentry","category-saude"],"_links":{"self":[{"href":"https:\/\/www.caririemacao.com\/1\/wp-json\/wp\/v2\/posts\/141973","targetHints":{"allow":["GET"]}}],"collection":[{"href":"https:\/\/www.caririemacao.com\/1\/wp-json\/wp\/v2\/posts"}],"about":[{"href":"https:\/\/www.caririemacao.com\/1\/wp-json\/wp\/v2\/types\/post"}],"author":[{"embeddable":true,"href":"https:\/\/www.caririemacao.com\/1\/wp-json\/wp\/v2\/users\/1"}],"replies":[{"embeddable":true,"href":"https:\/\/www.caririemacao.com\/1\/wp-json\/wp\/v2\/comments?post=141973"}],"version-history":[{"count":1,"href":"https:\/\/www.caririemacao.com\/1\/wp-json\/wp\/v2\/posts\/141973\/revisions"}],"predecessor-version":[{"id":141974,"href":"https:\/\/www.caririemacao.com\/1\/wp-json\/wp\/v2\/posts\/141973\/revisions\/141974"}],"wp:featuredmedia":[{"embeddable":true,"href":"https:\/\/www.caririemacao.com\/1\/wp-json\/wp\/v2\/media\/75044"}],"wp:attachment":[{"href":"https:\/\/www.caririemacao.com\/1\/wp-json\/wp\/v2\/media?parent=141973"}],"wp:term":[{"taxonomy":"category","embeddable":true,"href":"https:\/\/www.caririemacao.com\/1\/wp-json\/wp\/v2\/categories?post=141973"},{"taxonomy":"post_tag","embeddable":true,"href":"https:\/\/www.caririemacao.com\/1\/wp-json\/wp\/v2\/tags?post=141973"}],"curies":[{"name":"wp","href":"https:\/\/api.w.org\/{rel}","templated":true}]}}