{"id":141977,"date":"2019-12-20T11:10:24","date_gmt":"2019-12-20T14:10:24","guid":{"rendered":"http:\/\/www.caririemacao.com\/1\/?p=141977"},"modified":"2019-12-20T11:10:24","modified_gmt":"2019-12-20T14:10:24","slug":"juiz-mantem-prisao-de-ricardo-coutinho-e-manda-ex-governador-para-cela-coletiva-em-mangabeira","status":"publish","type":"post","link":"https:\/\/www.caririemacao.com\/1\/2019\/12\/20\/juiz-mantem-prisao-de-ricardo-coutinho-e-manda-ex-governador-para-cela-coletiva-em-mangabeira\/","title":{"rendered":"Juiz mant\u00e9m pris\u00e3o de Ricardo Coutinho e manda ex-governador para cela coletiva em Mangabeira"},"content":{"rendered":"\n<p>O juiz Adilson Fabr\u00edcio decidiu manter a pris\u00e3o preventiva do ex-governador Ricardo Coutinho, que passou por audi\u00eancia de cust\u00f3dia na manh\u00e3 desta sexta-feira (20). Al\u00e9m disso, o juiz determinou que Ricardo Coutinho seja encaminhado para a ala especial, em cela coletiva na Penitenci\u00e1ria de Seguran\u00e7a M\u00e9dia de Mangabeira. A audi\u00eancia aconteceu na C\u00e2mara Criminal do Tribunal de Justi\u00e7a da Para\u00edba e o magistrado negou pedido da defesa para que a pris\u00e3o preventiva fosse revogada ou substitu\u00edda por medidas cautelares.<\/p>\n\n\n\n<p>A defesa de Ricardo Coutinho argumentou que o ex-governador n\u00e3o exerce nenhum cargo p\u00fablico, tem endere\u00e7o certo e a guarda do filho menor de idade para pedir a revoga\u00e7\u00e3o de sua pris\u00e3o preventiva. Al\u00e9m disso, a defesa solicitou que Ricardo Coutinho, caso tivesse a pris\u00e3o mantida, n\u00e3o fosse encaminhado para a Penitenci\u00e1ria de Seguran\u00e7a M\u00e9dia no bairro de Mangabeira, em Jo\u00e3o Pessoa. De acordo com o advogado, Ricardo \u201cfoi prefeito por dois mandatos, foi governador por dois mandatos, ent\u00e3o, como a nossa Constitui\u00e7\u00e3o exige que o estado seja encarregado da integridade do preso, n\u00e3o \u00e9 plenamente compreens\u00edvel e admiss\u00edvel que o ex-governador esteja no mesmo local de outras pessoas que est\u00e3o em vias ou que foram delatoras\u201d.<\/p>\n\n\n\n<p>Adilson Fabr\u00edcio considerou que \u201cquanto ao primeiro requerimento, de revoga\u00e7\u00e3o da pris\u00e3o ou aplica\u00e7\u00e3o de medidas cautelares, verifica-se que as medidas cautelares tidas como inadequadas ou ineficazes. Ele [o desembargador Ricardo Vital] frisa, na senten\u00e7a, que o custodiado deve permanecer em depend\u00eancia isolada dos outros presos, fazendo ver que a quest\u00e3o da incomunicabilidade\u201d.<\/p>\n\n\n\n<p>O advogado de Ricardo Coutinho solicitou que o ex-governador fosse encaminhado para o 5\u00ba Batalh\u00e3o de Pol\u00edcia Militar, caso sua pris\u00e3o preventiva fosse mantida. O juiz considerou ainda a portaria que impede o aquartelamento de civis em unidades militares.<\/p>\n\n\n\n<p>Por estes motivos, o juiz Adilson Fabr\u00edcio determinou que Ricardo Coutinho ficasse recolhido em uma ala especial da Penitenci\u00e1ria de Seguran\u00e7a M\u00e9dia Hitler Cantalice, em Mangabeira. \u201cN\u00e3o vejo que a presen\u00e7a dos demais iria prejudicar a seguran\u00e7a do custodiado. S\u00e3o pessoas do conv\u00edvio dele. N\u00e3o estou verificando essa amea\u00e7a \u00e0 integridade dele\u201d, declarou o magistrado.<\/p>\n\n\n\n<p><em>Com Click PB<\/em><\/p>\n","protected":false},"excerpt":{"rendered":"<p>O juiz Adilson Fabr\u00edcio decidiu manter a pris\u00e3o preventiva do ex-governador Ricardo Coutinho, que passou por audi\u00eancia de cust\u00f3dia na manh\u00e3 desta sexta-feira (20). Al\u00e9m&hellip; <\/p>\n","protected":false},"author":1,"featured_media":141978,"comment_status":"closed","ping_status":"closed","sticky":false,"template":"","format":"standard","meta":{"sfsi_plus_gutenberg_text_before_share":"","sfsi_plus_gutenberg_show_text_before_share":"","sfsi_plus_gutenberg_icon_type":"","sfsi_plus_gutenberg_icon_alignemt":"","sfsi_plus_gutenburg_max_per_row":"","footnotes":""},"categories":[11],"tags":[],"class_list":["post-141977","post","type-post","status-publish","format-standard","has-post-thumbnail","hentry","category-politica"],"_links":{"self":[{"href":"https:\/\/www.caririemacao.com\/1\/wp-json\/wp\/v2\/posts\/141977","targetHints":{"allow":["GET"]}}],"collection":[{"href":"https:\/\/www.caririemacao.com\/1\/wp-json\/wp\/v2\/posts"}],"about":[{"href":"https:\/\/www.caririemacao.com\/1\/wp-json\/wp\/v2\/types\/post"}],"author":[{"embeddable":true,"href":"https:\/\/www.caririemacao.com\/1\/wp-json\/wp\/v2\/users\/1"}],"replies":[{"embeddable":true,"href":"https:\/\/www.caririemacao.com\/1\/wp-json\/wp\/v2\/comments?post=141977"}],"version-history":[{"count":1,"href":"https:\/\/www.caririemacao.com\/1\/wp-json\/wp\/v2\/posts\/141977\/revisions"}],"predecessor-version":[{"id":141979,"href":"https:\/\/www.caririemacao.com\/1\/wp-json\/wp\/v2\/posts\/141977\/revisions\/141979"}],"wp:featuredmedia":[{"embeddable":true,"href":"https:\/\/www.caririemacao.com\/1\/wp-json\/wp\/v2\/media\/141978"}],"wp:attachment":[{"href":"https:\/\/www.caririemacao.com\/1\/wp-json\/wp\/v2\/media?parent=141977"}],"wp:term":[{"taxonomy":"category","embeddable":true,"href":"https:\/\/www.caririemacao.com\/1\/wp-json\/wp\/v2\/categories?post=141977"},{"taxonomy":"post_tag","embeddable":true,"href":"https:\/\/www.caririemacao.com\/1\/wp-json\/wp\/v2\/tags?post=141977"}],"curies":[{"name":"wp","href":"https:\/\/api.w.org\/{rel}","templated":true}]}}