{"id":141992,"date":"2019-12-20T14:08:57","date_gmt":"2019-12-20T17:08:57","guid":{"rendered":"http:\/\/www.caririemacao.com\/1\/?p=141992"},"modified":"2019-12-20T14:08:57","modified_gmt":"2019-12-20T17:08:57","slug":"selic-menor-trara-economia-de-r-110-bilhoes-em-2020-diz-bolsonaro","status":"publish","type":"post","link":"https:\/\/www.caririemacao.com\/1\/2019\/12\/20\/selic-menor-trara-economia-de-r-110-bilhoes-em-2020-diz-bolsonaro\/","title":{"rendered":"Selic menor trar\u00e1 economia de R$ 110 bilh\u00f5es em 2020, diz Bolsonaro"},"content":{"rendered":"\n<p><br>Opresidente Jair Bolsonaro disse hoje (20) que a redu\u00e7\u00e3o da taxa b\u00e1sica de juros, a&nbsp;Selic, resultar\u00e1 em uma economia de R$ 110 bilh\u00f5es para os cofres p\u00fablicos. Esta semana, ap\u00f3s reuni\u00e3o do Comit\u00ea de Pol\u00edtica Monet\u00e1ria (Copom), o Banco Central decidiu reduzir a Selic em 0,5 ponto percentual,&nbsp;chegando a 4,5%&nbsp;\u2013 o menor percentual j\u00e1 registrado.<\/p>\n\n\n\n<p>\u201cS\u00f3 de juros, ano que vem, vamos pagar, dada a [redu\u00e7\u00e3o da] taxa Selic, menos R$ 110 bilh\u00f5es em juros. Estamos recuperando o Brasil. N\u00e3o \u00e9 f\u00e1cil\u201d, disse o presidente ao deixar o Pal\u00e1cio da Alvorada nesta manh\u00e3.<\/p>\n\n\n\n<figure class=\"wp-block-image\"><img decoding=\"async\" data-src=\"https:\/\/paraibaonline.com.br\/wp-content\/uploads\/2019\/12\/bolsonaro2012.jpg\" alt=\"Antonio Cruz\/ Ag\u00eancia Brasil\" class=\"wp-image-826304 lazyload\" src=\"data:image\/svg+xml;base64,PHN2ZyB3aWR0aD0iMSIgaGVpZ2h0PSIxIiB4bWxucz0iaHR0cDovL3d3dy53My5vcmcvMjAwMC9zdmciPjwvc3ZnPg==\" \/><\/figure>\n\n\n\n<p>Foto: Antonio Cruz\/ Ag\u00eancia Brasil<\/p>\n\n\n\n<p>Perguntado sobre a possibilidade de a equipe econ\u00f4mica criar uma nova modalidade de juros, incidente sobre opera\u00e7\u00f5es banc\u00e1rias eletr\u00f4nicas, Bolsonaro disse que a quest\u00e3o ainda est\u00e1 sob estudo, e que a inten\u00e7\u00e3o do governo \u00e9 a de substituir e simplificar impostos.<\/p>\n\n\n\n<p>\u201cSe ele [ministro da Economia, Paulo Guedes] est\u00e1 estudando, [essa quest\u00e3o] n\u00e3o chegou para mim ainda. O que ele quer na verdade \u00e9 substituir impostos. Ele quer simplificar essa teia de impostos, porque \u00e9 dif\u00edcil ser patr\u00e3o no Brasil. Qualquer fiscal que chegar na sua empresa vai achar uma maneira de te multar. Para voc\u00ea ser patr\u00e3o aqui, precisa ser her\u00f3i. Precisa ter poderes sobrenaturais para fugir das fiscaliza\u00e7\u00f5es\u201d, disse o presidente.<\/p>\n\n\n\n<p>Sobre o indulto de Natal, o presidente disse que, apesar de ainda n\u00e3o ter assinado, j\u00e1 decidiu que a medida, destinada a conceder perd\u00e3o a presos,&nbsp;beneficiar\u00e1 policiais&nbsp;presos injustamente. \u201cTalvez assine hoje. N\u00e3o assinei ainda, mas vai incluir policiais\u201d, disse Bolsonaro, sem dar maiores detalhes&nbsp;sobre os crit\u00e9rios do benef\u00edcio.<\/p>\n\n\n\n<p>Bolsonaro comentou tamb\u00e9m a possibilidade de serem criadas taxas para&nbsp;consumidores de energia&nbsp;que fazem uso de pain\u00e9is solares. \u201cQuem decide essa quest\u00e3o \u00e9 a Aneel [Ag\u00eancia Nacional de Energia El\u00e9trica], que \u00e9 uma ag\u00eancia aut\u00f4noma. N\u00e3o interferimos nela, mas estamos trabalhando, via ministro Bento [Albuquerque], de Minas e Energia, para chegar a um bom termo. Mas a ag\u00eancia, se n\u00e3o me engano, segue orienta\u00e7\u00f5es previstas em uma lei de 2012. Logicamente, se depender de mim, quem quiser colocar energia solar em sua casa ter\u00e1 imposto zero.\u201d<\/p>\n\n\n\n<p>Recentemente a Aneel decidiu abrir uma consulta p\u00fablica para rever as regras que tratam da chamada gera\u00e7\u00e3o distribu\u00edda, modalidade na qual os consumidores tamb\u00e9m podem gerar a pr\u00f3pria energia el\u00e9trica em suas resid\u00eancias, geralmente por meio de pain\u00e9is solares ou outra solu\u00e7\u00e3o com fontes renov\u00e1veis.<\/p>\n\n\n\n<p>Elaborada em 2012, a resolu\u00e7\u00e3o que trata da micro e minigera\u00e7\u00e3o de energia distribu\u00edda diz que \u00e9 poss\u00edvel tanto consumir quanto injetar na rede de distribui\u00e7\u00e3o a energia produzida. Esse excedente fica como cr\u00e9dito e pode ser usado para o abatimento de uma ou mais contas de luz do mesmo titular.<br><\/p>\n","protected":false},"excerpt":{"rendered":"<p>Opresidente Jair Bolsonaro disse hoje (20) que a redu\u00e7\u00e3o da taxa b\u00e1sica de juros, a&nbsp;Selic, resultar\u00e1 em uma economia de R$ 110 bilh\u00f5es para os&hellip; <\/p>\n","protected":false},"author":1,"featured_media":135566,"comment_status":"closed","ping_status":"closed","sticky":false,"template":"","format":"standard","meta":{"sfsi_plus_gutenberg_text_before_share":"","sfsi_plus_gutenberg_show_text_before_share":"","sfsi_plus_gutenberg_icon_type":"","sfsi_plus_gutenberg_icon_alignemt":"","sfsi_plus_gutenburg_max_per_row":"","footnotes":""},"categories":[11],"tags":[],"class_list":["post-141992","post","type-post","status-publish","format-standard","has-post-thumbnail","hentry","category-politica"],"_links":{"self":[{"href":"https:\/\/www.caririemacao.com\/1\/wp-json\/wp\/v2\/posts\/141992","targetHints":{"allow":["GET"]}}],"collection":[{"href":"https:\/\/www.caririemacao.com\/1\/wp-json\/wp\/v2\/posts"}],"about":[{"href":"https:\/\/www.caririemacao.com\/1\/wp-json\/wp\/v2\/types\/post"}],"author":[{"embeddable":true,"href":"https:\/\/www.caririemacao.com\/1\/wp-json\/wp\/v2\/users\/1"}],"replies":[{"embeddable":true,"href":"https:\/\/www.caririemacao.com\/1\/wp-json\/wp\/v2\/comments?post=141992"}],"version-history":[{"count":1,"href":"https:\/\/www.caririemacao.com\/1\/wp-json\/wp\/v2\/posts\/141992\/revisions"}],"predecessor-version":[{"id":141993,"href":"https:\/\/www.caririemacao.com\/1\/wp-json\/wp\/v2\/posts\/141992\/revisions\/141993"}],"wp:featuredmedia":[{"embeddable":true,"href":"https:\/\/www.caririemacao.com\/1\/wp-json\/wp\/v2\/media\/135566"}],"wp:attachment":[{"href":"https:\/\/www.caririemacao.com\/1\/wp-json\/wp\/v2\/media?parent=141992"}],"wp:term":[{"taxonomy":"category","embeddable":true,"href":"https:\/\/www.caririemacao.com\/1\/wp-json\/wp\/v2\/categories?post=141992"},{"taxonomy":"post_tag","embeddable":true,"href":"https:\/\/www.caririemacao.com\/1\/wp-json\/wp\/v2\/tags?post=141992"}],"curies":[{"name":"wp","href":"https:\/\/api.w.org\/{rel}","templated":true}]}}